{"id":3446,"date":"2018-05-02T08:52:42","date_gmt":"2018-05-02T06:52:42","guid":{"rendered":"http:\/\/www.prva.hr\/?p=3446"},"modified":"2018-05-02T09:06:14","modified_gmt":"2018-05-02T07:06:14","slug":"5-svibnja-2018-dan-otvorenih-vrata-hks-a","status":"publish","type":"post","link":"https:\/\/prva.hr\/index.php\/2018\/05\/02\/5-svibnja-2018-dan-otvorenih-vrata-hks-a\/","title":{"rendered":"5. svibnja 2018. Dan otvorenih vrata HKS-a"},"content":{"rendered":"<p style=\"font-weight: 400;\"><strong>Dana otvorenih vrata odr\u017eat \u0107e se u subotu 5. svibnja 2018. od 10 do 15 sati.<\/strong><\/p>\n<p style=\"font-weight: 400;\">\u017delja nam je privu\u0107i \u0161to vi\u0161e budu\u0107ih studenata da nas posjete i upoznaju prije krajnje odluke o studiju.<\/p>\n<p style=\"font-weight: 400;\">Vjerujemo da \u0107e posjetitelji biti zadovoljni, nadamo se i odu\u0161evljeni, programom koji su priredili na\u0161i studenti i profesori na Odjelu za povijest, Odjelu za sociologiju, Odjelu za komunikologiju, Odjelu za psihologiju i Odjelu za sestrinstvo.<\/p>\n<p style=\"font-weight: 400;\"><a href=\"http:\/\/www.unicath.hr\/dan-otvorenih-vrata-hks-a\/program\" data-saferedirecturl=\"https:\/\/www.google.com\/url?hl=hr&amp;q=http:\/\/www.unicath.hr\/dan-otvorenih-vrata-hks-a\/program&amp;source=gmail&amp;ust=1525329535157000&amp;usg=AFQjCNGquVgVApf1fWV9_2f9oPAzhHyC4w\">Program<\/a>\u00a0je doista vrlo pou\u010dan, ali i zabavan.<\/p>\n<p style=\"font-weight: 400;\"><a href=\"http:\/\/www.unicath.hr\/dan-otvorenih-vrata-hks-a\" data-saferedirecturl=\"https:\/\/www.google.com\/url?hl=hr&amp;q=http:\/\/www.unicath.hr\/dan-otvorenih-vrata-hks-a&amp;source=gmail&amp;ust=1525329535157000&amp;usg=AFQjCNGRgU3fSIDKqWaW4SRZkuEGc2osaQ\">Dan otvorenih vrata HKS-a<\/a>.<\/p>\n<p style=\"font-weight: 400;\">Program se nalazi na linku: \u00a0<a href=\"http:\/\/www.unicath.hr\/dan-otvorenih-vrata-hks-a\/program\" data-saferedirecturl=\"https:\/\/www.google.com\/url?hl=hr&amp;q=http:\/\/www.unicath.hr\/dan-otvorenih-vrata-hks-a\/program&amp;source=gmail&amp;ust=1525329535157000&amp;usg=AFQjCNGquVgVApf1fWV9_2f9oPAzhHyC4w\">http:\/\/www.unicath.hr\/dan-otvorenih-vrata-hks-a\/program<\/a><\/p>\n<p style=\"font-weight: 400;\">\n","protected":false},"excerpt":{"rendered":"<p>Dana otvorenih vrata odr\u017eat \u0107e se u subotu 5. svibnja 2018. od 10 do 15 sati. \u017delja nam je privu\u0107i \u0161to vi\u0161e budu\u0107ih studenata da nas posjete i upoznaju prije krajnje odluke o studiju. Vjerujemo da \u0107e posjetitelji biti zadovoljni, nadamo se i odu\u0161evljeni, programom koji su priredili na\u0161i studenti i profesori na Odjelu za [&hellip;]<\/p>\n","protected":false},"author":4,"featured_media":0,"comment_status":"closed","ping_status":"closed","sticky":false,"template":"","format":"standard","meta":{"_et_pb_use_builder":"","_et_pb_old_content":"","_et_gb_content_width":"","footnotes":""},"categories":[14],"tags":[],"class_list":["post-3446","post","type-post","status-publish","format-standard","hentry","category-dogadanja-izvan-skole"],"_links":{"self":[{"href":"https:\/\/prva.hr\/index.php\/wp-json\/wp\/v2\/posts\/3446","targetHints":{"allow":["GET"]}}],"collection":[{"href":"https:\/\/prva.hr\/index.php\/wp-json\/wp\/v2\/posts"}],"about":[{"href":"https:\/\/prva.hr\/index.php\/wp-json\/wp\/v2\/types\/post"}],"author":[{"embeddable":true,"href":"https:\/\/prva.hr\/index.php\/wp-json\/wp\/v2\/users\/4"}],"replies":[{"embeddable":true,"href":"https:\/\/prva.hr\/index.php\/wp-json\/wp\/v2\/comments?post=3446"}],"version-history":[{"count":2,"href":"https:\/\/prva.hr\/index.php\/wp-json\/wp\/v2\/posts\/3446\/revisions"}],"predecessor-version":[{"id":3448,"href":"https:\/\/prva.hr\/index.php\/wp-json\/wp\/v2\/posts\/3446\/revisions\/3448"}],"wp:attachment":[{"href":"https:\/\/prva.hr\/index.php\/wp-json\/wp\/v2\/media?parent=3446"}],"wp:term":[{"taxonomy":"category","embeddable":true,"href":"https:\/\/prva.hr\/index.php\/wp-json\/wp\/v2\/categories?post=3446"},{"taxonomy":"post_tag","embeddable":true,"href":"https:\/\/prva.hr\/index.php\/wp-json\/wp\/v2\/tags?post=3446"}],"curies":[{"name":"wp","href":"https:\/\/api.w.org\/{rel}","templated":true}]}}