{"id":3481,"date":"2018-05-10T10:36:10","date_gmt":"2018-05-10T08:36:10","guid":{"rendered":"http:\/\/www.prva.hr\/?p=3481"},"modified":"2018-05-10T11:16:00","modified_gmt":"2018-05-10T09:16:00","slug":"sudjelovanje-ucenika-i-gimnazije-u-projektima-drustvenog-ukljucivanja-mladih-solo-ili-solidarno-i-suncana-strana-ulice","status":"publish","type":"post","link":"https:\/\/prva.hr\/index.php\/2018\/05\/10\/sudjelovanje-ucenika-i-gimnazije-u-projektima-drustvenog-ukljucivanja-mladih-solo-ili-solidarno-i-suncana-strana-ulice\/","title":{"rendered":"Sudjelovanje u\u010denika I. gimnazije u projektima dru\u0161tvenog uklju\u010divanja mladih"},"content":{"rendered":"<p>U\u010denici I. gimnazije ve\u0107 drugu godinu zaredom volontiraju u projektima dru\u0161tvenog uklju\u010divanja mladih \u201eSolo ili solidarno\u201c i \u201eSun\u010dana strana ulice\u201c udruge Ambidekster klub. <strong>U utorak, 08.05.2018. od 13.00 do 14.30 sati u Kulturnom centru Dubrava<\/strong> u sklopu spomenutih projekata odr\u017eano je doga\u0111anje \u201eSolo ili solidarno? Odaberi put!\u201c\u00a0 u kojem su sudjelovali i na\u0161i u\u010denici.\u00a0 Na doga\u0111anju se okupilo stotinjak srednjo\u0161kolaca iz Poljoprivredne \u0161kole, XII. gimnazije, Centra za odgoj i obrazovanje Dubrava, Prehrambeno-tehnolo\u0161ke \u0161kole iz Zagreba \u0161kole te Gimnazije Gospi\u0107 kako bi me\u0111usobno razmijenili i predstavili aktivnosti koje provode u sklopu preventivih programa \u201eMoj zdravi stil\u201c i \u201eSun\u010dana stana ulice\u201c.<\/p>\n<p>Doga\u0111anje je moderirala u\u010denica 3. d razreda I. gimnazije i volonterka Volonterskog kluba I. gimnazije <strong>Klara Borda<\/strong> koja u projektu volontira u funkciji ambasadorice za humanitarno djelovanje i uklju\u010divanje mladih.<\/p>\n<p>&nbsp;<\/p>\n","protected":false},"excerpt":{"rendered":"<p>U\u010denici I. gimnazije ve\u0107 drugu godinu zaredom volontiraju u projektima dru\u0161tvenog uklju\u010divanja mladih \u201eSolo ili solidarno\u201c i \u201eSun\u010dana strana ulice\u201c udruge Ambidekster klub. U utorak, 08.05.2018. od 13.00 do 14.30 sati u Kulturnom centru Dubrava u sklopu spomenutih projekata odr\u017eano je doga\u0111anje \u201eSolo ili solidarno? Odaberi put!\u201c\u00a0 u kojem su sudjelovali i na\u0161i u\u010denici.\u00a0 Na [&hellip;]<\/p>\n","protected":false},"author":6,"featured_media":0,"comment_status":"closed","ping_status":"closed","sticky":false,"template":"","format":"standard","meta":{"_et_pb_use_builder":"","_et_pb_old_content":"","_et_gb_content_width":"","footnotes":""},"categories":[45,12,9],"tags":[],"class_list":["post-3481","post","type-post","status-publish","format-standard","hentry","category-aktivnosti-izvannastavne-aktivnosti-volonterski-klub","category-osvrti","category-arhiva"],"_links":{"self":[{"href":"https:\/\/prva.hr\/index.php\/wp-json\/wp\/v2\/posts\/3481","targetHints":{"allow":["GET"]}}],"collection":[{"href":"https:\/\/prva.hr\/index.php\/wp-json\/wp\/v2\/posts"}],"about":[{"href":"https:\/\/prva.hr\/index.php\/wp-json\/wp\/v2\/types\/post"}],"author":[{"embeddable":true,"href":"https:\/\/prva.hr\/index.php\/wp-json\/wp\/v2\/users\/6"}],"replies":[{"embeddable":true,"href":"https:\/\/prva.hr\/index.php\/wp-json\/wp\/v2\/comments?post=3481"}],"version-history":[{"count":7,"href":"https:\/\/prva.hr\/index.php\/wp-json\/wp\/v2\/posts\/3481\/revisions"}],"predecessor-version":[{"id":3491,"href":"https:\/\/prva.hr\/index.php\/wp-json\/wp\/v2\/posts\/3481\/revisions\/3491"}],"wp:attachment":[{"href":"https:\/\/prva.hr\/index.php\/wp-json\/wp\/v2\/media?parent=3481"}],"wp:term":[{"taxonomy":"category","embeddable":true,"href":"https:\/\/prva.hr\/index.php\/wp-json\/wp\/v2\/categories?post=3481"},{"taxonomy":"post_tag","embeddable":true,"href":"https:\/\/prva.hr\/index.php\/wp-json\/wp\/v2\/tags?post=3481"}],"curies":[{"name":"wp","href":"https:\/\/api.w.org\/{rel}","templated":true}]}}