{"id":3521,"date":"2018-05-15T08:41:36","date_gmt":"2018-05-15T06:41:36","guid":{"rendered":"http:\/\/www.prva.hr\/?p=3521"},"modified":"2018-06-06T13:03:22","modified_gmt":"2018-06-06T11:03:22","slug":"drzavni-prvaci-u-debati","status":"publish","type":"post","link":"https:\/\/prva.hr\/index.php\/2018\/05\/15\/drzavni-prvaci-u-debati\/","title":{"rendered":"Dr\u017eavni prvaci u debati"},"content":{"rendered":"<p style=\"font-weight: 400;\"><strong>Dr\u017eavni prvaci u debati<\/strong><\/p>\n<p style=\"font-weight: 400;\">Debatni tim Prve gimnazije, u sastavu: Jelena Lara Marinkovi\u0107 (4.d), Josip Majsec (4.a) i Paula Djakovi\u0107, odnio je pobjedu na dr\u017eavnom debatnom natjecanju. U finalu protiv XV. gimnazije, na tezu treba li borba protiv socijalne nejednakosti biti va\u017enija od ekonomskog rasta, na\u0161i su debatanti svojim argumentima i govorni\u010dkim vje\u0161tinama uvjerili suce kako je potrebno prioritizirati ekonomski rast i time osvojili prvo mjesto u Hrvatskoj.<\/p>\n<p style=\"font-weight: 400;\">\u010cestitamo debatantima, prof. Dunji Opati\u0107\u00a0i Gei Uj\u010di\u0107, studentskoj asistentici debatnog tima.<\/p>\n<p>&nbsp;<\/p>\n<p><img decoding=\"async\" class=\"alignnone size-medium wp-image-3522 lazyload\" data-src=\"https:\/\/www.prva.hr\/wp-content\/uploads\/2018\/05\/dr\u017eavno-300x169.jpg\" alt=\"\" width=\"300\" height=\"169\" data-srcset=\"https:\/\/prva.hr\/wp-content\/uploads\/2018\/05\/dr\u017eavno-300x169.jpg 300w, https:\/\/prva.hr\/wp-content\/uploads\/2018\/05\/dr\u017eavno-768x432.jpg 768w, https:\/\/prva.hr\/wp-content\/uploads\/2018\/05\/dr\u017eavno-400x225.jpg 400w, https:\/\/prva.hr\/wp-content\/uploads\/2018\/05\/dr\u017eavno.jpg 960w\" data-sizes=\"(max-width: 300px) 100vw, 300px\" src=\"data:image\/svg+xml;base64,PHN2ZyB3aWR0aD0iMSIgaGVpZ2h0PSIxIiB4bWxucz0iaHR0cDovL3d3dy53My5vcmcvMjAwMC9zdmciPjwvc3ZnPg==\" style=\"--smush-placeholder-width: 300px; --smush-placeholder-aspect-ratio: 300\/169;\" \/><\/p>\n<p>Na\u0161i maturanti, Jelena i Josip, okrunili\u00a0su\u00a0zavr\u0161etak svog srednjo\u0161kolskog obrazovanja pobjednom na dr\u017eavnom natjecanju u debati.<\/p>\n<p>&nbsp;<\/p>\n","protected":false},"excerpt":{"rendered":"<p>Dr\u017eavni prvaci u debati Debatni tim Prve gimnazije, u sastavu: Jelena Lara Marinkovi\u0107 (4.d), Josip Majsec (4.a) i Paula Djakovi\u0107, odnio je pobjedu na dr\u017eavnom debatnom natjecanju. U finalu protiv XV. gimnazije, na tezu treba li borba protiv socijalne nejednakosti biti va\u017enija od ekonomskog rasta, na\u0161i su debatanti svojim argumentima i govorni\u010dkim vje\u0161tinama uvjerili suce [&hellip;]<\/p>\n","protected":false},"author":4,"featured_media":3522,"comment_status":"closed","ping_status":"closed","sticky":false,"template":"","format":"standard","meta":{"_et_pb_use_builder":"","_et_pb_old_content":"","_et_gb_content_width":"","footnotes":""},"categories":[16,4,24],"tags":[],"class_list":["post-3521","post","type-post","status-publish","format-standard","has-post-thumbnail","hentry","category-debata","category-najnovije-vijesti","category-predmetna-natjecanja"],"_links":{"self":[{"href":"https:\/\/prva.hr\/index.php\/wp-json\/wp\/v2\/posts\/3521","targetHints":{"allow":["GET"]}}],"collection":[{"href":"https:\/\/prva.hr\/index.php\/wp-json\/wp\/v2\/posts"}],"about":[{"href":"https:\/\/prva.hr\/index.php\/wp-json\/wp\/v2\/types\/post"}],"author":[{"embeddable":true,"href":"https:\/\/prva.hr\/index.php\/wp-json\/wp\/v2\/users\/4"}],"replies":[{"embeddable":true,"href":"https:\/\/prva.hr\/index.php\/wp-json\/wp\/v2\/comments?post=3521"}],"version-history":[{"count":1,"href":"https:\/\/prva.hr\/index.php\/wp-json\/wp\/v2\/posts\/3521\/revisions"}],"predecessor-version":[{"id":3523,"href":"https:\/\/prva.hr\/index.php\/wp-json\/wp\/v2\/posts\/3521\/revisions\/3523"}],"wp:featuredmedia":[{"embeddable":true,"href":"https:\/\/prva.hr\/index.php\/wp-json\/wp\/v2\/media\/3522"}],"wp:attachment":[{"href":"https:\/\/prva.hr\/index.php\/wp-json\/wp\/v2\/media?parent=3521"}],"wp:term":[{"taxonomy":"category","embeddable":true,"href":"https:\/\/prva.hr\/index.php\/wp-json\/wp\/v2\/categories?post=3521"},{"taxonomy":"post_tag","embeddable":true,"href":"https:\/\/prva.hr\/index.php\/wp-json\/wp\/v2\/tags?post=3521"}],"curies":[{"name":"wp","href":"https:\/\/api.w.org\/{rel}","templated":true}]}}