{"id":3546,"date":"2018-05-21T08:37:44","date_gmt":"2018-05-21T06:37:44","guid":{"rendered":"http:\/\/www.prva.hr\/?p=3546"},"modified":"2018-05-21T08:37:44","modified_gmt":"2018-05-21T06:37:44","slug":"intervju-s-drazenom-bicanicem","status":"publish","type":"post","link":"https:\/\/prva.hr\/index.php\/2018\/05\/21\/intervju-s-drazenom-bicanicem\/","title":{"rendered":"Intervju s Dra\u017eenom Bi\u010dani\u0107em"},"content":{"rendered":"<p>U No\u0107i knjige, 23. travnja 2018. u Kulturnom centru Travno saznali smo tko su ovogodi\u0161nji dobitnici nagrada knji\u017eevnog natje\u010daja &#8220;<strong>Ja sam pisac<\/strong>&#8220;.<\/p>\n<p>Pro\u010ditajte intervje s nagra\u0111enim srednjo\u0161kolcima koji su vodile i priredile u\u010denice 3. d razreda I. gimnazije (mentorica Antonia Sikavica Joler, prof.):\u00a0M<strong>aria Ben\u0161ak, Iva Brbot,\u00a0Dina Antea \u010cizmek\u00a0<\/strong>i<strong>\u00a0Marija Markovi\u0107.\u00a0\u00a0Me\u0111u nagra\u0111enima je i na\u0161 maturant Dra\u017een Bi\u010dani\u0107 (4.e), koji je osvojio 2. mjesto.<\/strong><\/p>\n<p><a href=\"https:\/\/www.mvinfo.hr\/clanak\/predstavljamo-srednjoskolce-dobitnike-nagrade-ja-sam-pisac-2018\">https:\/\/www.mvinfo.hr\/clanak\/predstavljamo-srednjoskolce-dobitnike-nagrade-ja-sam-pisac-2018<\/a><\/p>\n","protected":false},"excerpt":{"rendered":"<p>U No\u0107i knjige, 23. travnja 2018. u Kulturnom centru Travno saznali smo tko su ovogodi\u0161nji dobitnici nagrada knji\u017eevnog natje\u010daja &#8220;Ja sam pisac&#8220;. Pro\u010ditajte intervje s nagra\u0111enim srednjo\u0161kolcima koji su vodile i priredile u\u010denice 3. d razreda I. gimnazije (mentorica Antonia Sikavica Joler, prof.):\u00a0Maria Ben\u0161ak, Iva Brbot,\u00a0Dina Antea \u010cizmek\u00a0i\u00a0Marija Markovi\u0107.\u00a0\u00a0Me\u0111u nagra\u0111enima je i na\u0161 maturant Dra\u017een [&hellip;]<\/p>\n","protected":false},"author":4,"featured_media":0,"comment_status":"closed","ping_status":"closed","sticky":false,"template":"","format":"standard","meta":{"_et_pb_use_builder":"","_et_pb_old_content":"","_et_gb_content_width":"","footnotes":""},"categories":[6,9,52],"tags":[],"class_list":["post-3546","post","type-post","status-publish","format-standard","hentry","category-aktualna-dogadanja","category-arhiva","category-mediji-skola-u-medijima"],"_links":{"self":[{"href":"https:\/\/prva.hr\/index.php\/wp-json\/wp\/v2\/posts\/3546","targetHints":{"allow":["GET"]}}],"collection":[{"href":"https:\/\/prva.hr\/index.php\/wp-json\/wp\/v2\/posts"}],"about":[{"href":"https:\/\/prva.hr\/index.php\/wp-json\/wp\/v2\/types\/post"}],"author":[{"embeddable":true,"href":"https:\/\/prva.hr\/index.php\/wp-json\/wp\/v2\/users\/4"}],"replies":[{"embeddable":true,"href":"https:\/\/prva.hr\/index.php\/wp-json\/wp\/v2\/comments?post=3546"}],"version-history":[{"count":1,"href":"https:\/\/prva.hr\/index.php\/wp-json\/wp\/v2\/posts\/3546\/revisions"}],"predecessor-version":[{"id":3547,"href":"https:\/\/prva.hr\/index.php\/wp-json\/wp\/v2\/posts\/3546\/revisions\/3547"}],"wp:attachment":[{"href":"https:\/\/prva.hr\/index.php\/wp-json\/wp\/v2\/media?parent=3546"}],"wp:term":[{"taxonomy":"category","embeddable":true,"href":"https:\/\/prva.hr\/index.php\/wp-json\/wp\/v2\/categories?post=3546"},{"taxonomy":"post_tag","embeddable":true,"href":"https:\/\/prva.hr\/index.php\/wp-json\/wp\/v2\/tags?post=3546"}],"curies":[{"name":"wp","href":"https:\/\/api.w.org\/{rel}","templated":true}]}}