{"id":3724,"date":"2018-07-31T19:51:27","date_gmt":"2018-07-31T17:51:27","guid":{"rendered":"http:\/\/www.prva.hr\/?p=3724"},"modified":"2018-07-31T19:51:27","modified_gmt":"2018-07-31T17:51:27","slug":"nasa-evita-medu-najboljima-na-drzavnoj-maturi","status":"publish","type":"post","link":"https:\/\/prva.hr\/index.php\/2018\/07\/31\/nasa-evita-medu-najboljima-na-drzavnoj-maturi\/","title":{"rendered":"NA\u0160A EVITA ME\u0110U NAJBOLJIMA NA DR\u017dAVNOJ MATURI"},"content":{"rendered":"<p>Na\u0161a maturantica iz 4. c razreda Evita \u0160opp je u samom vrhu najboljih u\u010denika na dr\u017eavnoj maturi!<\/p>\n<p>Evita je sjajno rije\u0161ila sve obvezne predmete i sveukupno na dr\u017eavnoj maturi osvojila 96,8% mogu\u0107ih bodova za \u0161to joj je Ministarstvo znanosti i obrazovanja dodijelilo posebno priznanje i nagradu u iznosu od 2.500 kn<\/p>\n<p>https:\/\/mzo.hr\/hr\/nagrada-soljacic-urucena-ucenici-ivi-madunic<\/p>\n<p>Evita je sve \u010detiri godine \u0161kolovanja u Prvoj bila izvrsna u\u010denica, uzornog vladanja, aktivna na mnogim poljima, a posebno treba istaknuti da je vi\u0161e puta sudjelovala na Dr\u017eavnom natjecanju iz hrvatskog jezika gdje je 2017. godine osvojila i 1. mjesto.<\/p>\n<p>Upisala je Fakultet elektrotehnike i ra\u010dunarstva kao 3. na rang listi!<\/p>\n<p>Eviti \u010destitamo od srca i \u017eelimo joj da nastavi s uspjesima!<\/p>\n<p>&nbsp;<\/p>\n<p>&nbsp;<\/p>\n<p>&nbsp;<\/p>\n","protected":false},"excerpt":{"rendered":"<p>Na\u0161a maturantica iz 4. c razreda Evita \u0160opp je u samom vrhu najboljih u\u010denika na dr\u017eavnoj maturi! Evita je sjajno rije\u0161ila sve obvezne predmete i sveukupno na dr\u017eavnoj maturi osvojila 96,8% mogu\u0107ih bodova za \u0161to joj je Ministarstvo znanosti i obrazovanja dodijelilo posebno priznanje i nagradu u iznosu od 2.500 kn https:\/\/mzo.hr\/hr\/nagrada-soljacic-urucena-ucenici-ivi-madunic Evita je sve [&hellip;]<\/p>\n","protected":false},"author":2,"featured_media":3725,"comment_status":"closed","ping_status":"closed","sticky":false,"template":"","format":"standard","meta":{"_et_pb_use_builder":"","_et_pb_old_content":"","_et_gb_content_width":"","footnotes":""},"categories":[52,4,41],"tags":[],"class_list":["post-3724","post","type-post","status-publish","format-standard","has-post-thumbnail","hentry","category-mediji-skola-u-medijima","category-najnovije-vijesti","category-nastava-drzavna-matura"],"_links":{"self":[{"href":"https:\/\/prva.hr\/index.php\/wp-json\/wp\/v2\/posts\/3724","targetHints":{"allow":["GET"]}}],"collection":[{"href":"https:\/\/prva.hr\/index.php\/wp-json\/wp\/v2\/posts"}],"about":[{"href":"https:\/\/prva.hr\/index.php\/wp-json\/wp\/v2\/types\/post"}],"author":[{"embeddable":true,"href":"https:\/\/prva.hr\/index.php\/wp-json\/wp\/v2\/users\/2"}],"replies":[{"embeddable":true,"href":"https:\/\/prva.hr\/index.php\/wp-json\/wp\/v2\/comments?post=3724"}],"version-history":[{"count":1,"href":"https:\/\/prva.hr\/index.php\/wp-json\/wp\/v2\/posts\/3724\/revisions"}],"predecessor-version":[{"id":3726,"href":"https:\/\/prva.hr\/index.php\/wp-json\/wp\/v2\/posts\/3724\/revisions\/3726"}],"wp:featuredmedia":[{"embeddable":true,"href":"https:\/\/prva.hr\/index.php\/wp-json\/wp\/v2\/media\/3725"}],"wp:attachment":[{"href":"https:\/\/prva.hr\/index.php\/wp-json\/wp\/v2\/media?parent=3724"}],"wp:term":[{"taxonomy":"category","embeddable":true,"href":"https:\/\/prva.hr\/index.php\/wp-json\/wp\/v2\/categories?post=3724"},{"taxonomy":"post_tag","embeddable":true,"href":"https:\/\/prva.hr\/index.php\/wp-json\/wp\/v2\/tags?post=3724"}],"curies":[{"name":"wp","href":"https:\/\/api.w.org\/{rel}","templated":true}]}}