{"id":3867,"date":"2018-10-04T16:00:40","date_gmt":"2018-10-04T14:00:40","guid":{"rendered":"http:\/\/www.prva.hr\/?p=3867"},"modified":"2018-10-04T16:12:53","modified_gmt":"2018-10-04T14:12:53","slug":"volonteri-na-obiljezavanju-prve-obljetnice-rada-savjetovalista-luka-ritz","status":"publish","type":"post","link":"https:\/\/prva.hr\/index.php\/2018\/10\/04\/volonteri-na-obiljezavanju-prve-obljetnice-rada-savjetovalista-luka-ritz\/","title":{"rendered":"Volonteri na obilje\u017eavanju prve obljetnice rada Savjetovali\u0161ta Luka Ritz"},"content":{"rendered":"<p>Predstavnice Volonterskog kluba I. gimnazije; voditeljica Kluba Franciska Kocifaj, 4.b i najaktivnije volonterke u 2017.\/2018. godini Laura Cel\u010di\u0107 i Petra \u0160trbad iz 3.d nazo\u010dili su obilje\u017eavanju prve obljetnice rada <em>Centra za pru\u017eanje usluga u zajednici Savjetovali\u0161te Luka Ritz.<\/em> \u00a0Osim \u0161to su nazo\u010dili samoj manifestaciji \u00a0na\u0161i volonteri \u00a0su se upoznali s djelatnicima Centra i roditeljima Luke Ritza te je dogovorena budu\u0107a volonterska suradnja Volonterskog kluba I. gimnazije i Savjetovali\u0161ta Luka Ritz.<\/p>\n<p>&nbsp;<\/p>\n","protected":false},"excerpt":{"rendered":"<p>Predstavnice Volonterskog kluba I. gimnazije; voditeljica Kluba Franciska Kocifaj, 4.b i najaktivnije volonterke u 2017.\/2018. godini Laura Cel\u010di\u0107 i Petra \u0160trbad iz 3.d nazo\u010dili su obilje\u017eavanju prve obljetnice rada Centra za pru\u017eanje usluga u zajednici Savjetovali\u0161te Luka Ritz. \u00a0Osim \u0161to su nazo\u010dili samoj manifestaciji \u00a0na\u0161i volonteri \u00a0su se upoznali s djelatnicima Centra i roditeljima Luke [&hellip;]<\/p>\n","protected":false},"author":6,"featured_media":3868,"comment_status":"closed","ping_status":"closed","sticky":false,"template":"","format":"standard","meta":{"_et_pb_use_builder":"","_et_pb_old_content":"","_et_gb_content_width":"","footnotes":""},"categories":[12,9],"tags":[],"class_list":["post-3867","post","type-post","status-publish","format-standard","has-post-thumbnail","hentry","category-osvrti","category-arhiva"],"_links":{"self":[{"href":"https:\/\/prva.hr\/index.php\/wp-json\/wp\/v2\/posts\/3867","targetHints":{"allow":["GET"]}}],"collection":[{"href":"https:\/\/prva.hr\/index.php\/wp-json\/wp\/v2\/posts"}],"about":[{"href":"https:\/\/prva.hr\/index.php\/wp-json\/wp\/v2\/types\/post"}],"author":[{"embeddable":true,"href":"https:\/\/prva.hr\/index.php\/wp-json\/wp\/v2\/users\/6"}],"replies":[{"embeddable":true,"href":"https:\/\/prva.hr\/index.php\/wp-json\/wp\/v2\/comments?post=3867"}],"version-history":[{"count":2,"href":"https:\/\/prva.hr\/index.php\/wp-json\/wp\/v2\/posts\/3867\/revisions"}],"predecessor-version":[{"id":3870,"href":"https:\/\/prva.hr\/index.php\/wp-json\/wp\/v2\/posts\/3867\/revisions\/3870"}],"wp:featuredmedia":[{"embeddable":true,"href":"https:\/\/prva.hr\/index.php\/wp-json\/wp\/v2\/media\/3868"}],"wp:attachment":[{"href":"https:\/\/prva.hr\/index.php\/wp-json\/wp\/v2\/media?parent=3867"}],"wp:term":[{"taxonomy":"category","embeddable":true,"href":"https:\/\/prva.hr\/index.php\/wp-json\/wp\/v2\/categories?post=3867"},{"taxonomy":"post_tag","embeddable":true,"href":"https:\/\/prva.hr\/index.php\/wp-json\/wp\/v2\/tags?post=3867"}],"curies":[{"name":"wp","href":"https:\/\/api.w.org\/{rel}","templated":true}]}}