{"id":3890,"date":"2018-10-12T09:13:44","date_gmt":"2018-10-12T07:13:44","guid":{"rendered":"http:\/\/www.prva.hr\/?p=3890"},"modified":"2018-10-12T09:13:44","modified_gmt":"2018-10-12T07:13:44","slug":"izlozba-realno-prva-u-hrvatskom-skolskom-muzeju-od-11-do-21-listopada","status":"publish","type":"post","link":"https:\/\/prva.hr\/index.php\/2018\/10\/12\/izlozba-realno-prva-u-hrvatskom-skolskom-muzeju-od-11-do-21-listopada\/","title":{"rendered":"IZLO\u017dBA \u201cREALNO, PRVA!\u201d U HRVATSKOM \u0160KOLSKOM MUZEJU OD 11. DO 21. LISTOPADA"},"content":{"rendered":"<p>Pozivamo na\u0161e drage biv\u0161e u\u010denike, djelatnike i sve zainteresirane da u Hrvatskom \u0161kolskom muzeju pogledaju izlo\u017ebu o bogatoj pro\u0161losti i sada\u0161njosti Prve gimnazije.<\/p>\n<p style=\"text-align: center;\">Muzej je otvoren za posjetitelje:<\/p>\n<p style=\"text-align: center;\">utorak, srijeda, petak i subota: 10 &#8211; 18 sati<\/p>\n<p style=\"text-align: center;\">\u010detvrtak: 10 &#8211; 20 sati<\/p>\n<p style=\"text-align: center;\">nedjelja: 10 &#8211; 14 sati<\/p>\n<p>&nbsp;<\/p>\n<p>Fotografije sa sve\u010danog otvorenja izlo\u017ebe mo\u017eete pogledati na linku:<\/p>\n<p><a href=\"https:\/\/www.facebook.com\/media\/set\/?set=a.2161795770729317&amp;type=1&amp;l=bf438f09ea\">https:\/\/www.facebook.com\/media\/set\/?set=a.2161795770729317&amp;type=1&amp;l=bf438f09ea<\/a><\/p>\n","protected":false},"excerpt":{"rendered":"<p>Pozivamo na\u0161e drage biv\u0161e u\u010denike, djelatnike i sve zainteresirane da u Hrvatskom \u0161kolskom muzeju pogledaju izlo\u017ebu o bogatoj pro\u0161losti i sada\u0161njosti Prve gimnazije. Muzej je otvoren za posjetitelje: utorak, srijeda, petak i subota: 10 &#8211; 18 sati \u010detvrtak: 10 &#8211; 20 sati nedjelja: 10 &#8211; 14 sati &nbsp; Fotografije sa sve\u010danog otvorenja izlo\u017ebe mo\u017eete pogledati [&hellip;]<\/p>\n","protected":false},"author":4,"featured_media":3892,"comment_status":"closed","ping_status":"closed","sticky":false,"template":"","format":"standard","meta":{"_et_pb_use_builder":"","_et_pb_old_content":"","_et_gb_content_width":"","footnotes":""},"categories":[14,4],"tags":[],"class_list":["post-3890","post","type-post","status-publish","format-standard","has-post-thumbnail","hentry","category-dogadanja-izvan-skole","category-najnovije-vijesti"],"_links":{"self":[{"href":"https:\/\/prva.hr\/index.php\/wp-json\/wp\/v2\/posts\/3890","targetHints":{"allow":["GET"]}}],"collection":[{"href":"https:\/\/prva.hr\/index.php\/wp-json\/wp\/v2\/posts"}],"about":[{"href":"https:\/\/prva.hr\/index.php\/wp-json\/wp\/v2\/types\/post"}],"author":[{"embeddable":true,"href":"https:\/\/prva.hr\/index.php\/wp-json\/wp\/v2\/users\/4"}],"replies":[{"embeddable":true,"href":"https:\/\/prva.hr\/index.php\/wp-json\/wp\/v2\/comments?post=3890"}],"version-history":[{"count":1,"href":"https:\/\/prva.hr\/index.php\/wp-json\/wp\/v2\/posts\/3890\/revisions"}],"predecessor-version":[{"id":3893,"href":"https:\/\/prva.hr\/index.php\/wp-json\/wp\/v2\/posts\/3890\/revisions\/3893"}],"wp:featuredmedia":[{"embeddable":true,"href":"https:\/\/prva.hr\/index.php\/wp-json\/wp\/v2\/media\/3892"}],"wp:attachment":[{"href":"https:\/\/prva.hr\/index.php\/wp-json\/wp\/v2\/media?parent=3890"}],"wp:term":[{"taxonomy":"category","embeddable":true,"href":"https:\/\/prva.hr\/index.php\/wp-json\/wp\/v2\/categories?post=3890"},{"taxonomy":"post_tag","embeddable":true,"href":"https:\/\/prva.hr\/index.php\/wp-json\/wp\/v2\/tags?post=3890"}],"curies":[{"name":"wp","href":"https:\/\/api.w.org\/{rel}","templated":true}]}}