{"id":3900,"date":"2018-10-15T09:07:06","date_gmt":"2018-10-15T07:07:06","guid":{"rendered":"http:\/\/www.prva.hr\/?p=3900"},"modified":"2018-11-17T16:02:02","modified_gmt":"2018-11-17T15:02:02","slug":"5-susret-prijateljstva-s-gimnazijom-iz-ohrida","status":"publish","type":"post","link":"https:\/\/prva.hr\/index.php\/2018\/10\/15\/5-susret-prijateljstva-s-gimnazijom-iz-ohrida\/","title":{"rendered":"5. SUSRET PRIJATELJSTVA S GIMNAZIJOM IZ OHRIDA"},"content":{"rendered":"<p>U\u010denici i profesori gimnazije Sv. Kliment Ohridski iz Ohrida bili su nam dragi gosti od 11. do 14. 10. 2018. Imali su prilike razgledavati izlo\u017ebu &#8220;Realno, Prva!&#8221;, Zagreb i Samobor, a sredi\u0161nji je doga\u0111aj bila izvrsna priredba u kojoj su nastupali na\u0161 i njihov zbor te u\u010denici polaznici predmeta Makedonski jezik. Mnogi u\u010denici i profesori sudjelovali su u realizaciji ovog uspje\u0161nog susreta, a voditelj projekta je prof. Andrija Lovri\u0107.<\/p>\n","protected":false},"excerpt":{"rendered":"<p>U\u010denici i profesori gimnazije Sv. Kliment Ohridski iz Ohrida bili su nam dragi gosti od 11. do 14. 10. 2018. Imali su prilike razgledavati izlo\u017ebu &#8220;Realno, Prva!&#8221;, Zagreb i Samobor, a sredi\u0161nji je doga\u0111aj bila izvrsna priredba u kojoj su nastupali na\u0161 i njihov zbor te u\u010denici polaznici predmeta Makedonski jezik. Mnogi u\u010denici i profesori [&hellip;]<\/p>\n","protected":false},"author":2,"featured_media":3901,"comment_status":"closed","ping_status":"closed","sticky":false,"template":"","format":"standard","meta":{"_et_pb_use_builder":"","_et_pb_old_content":"","_et_gb_content_width":"","footnotes":""},"categories":[12,67,6],"tags":[],"class_list":["post-3900","post","type-post","status-publish","format-standard","has-post-thumbnail","hentry","category-osvrti","category-aktivnosti-projekti-medunarodne-suradnje","category-aktualna-dogadanja"],"_links":{"self":[{"href":"https:\/\/prva.hr\/index.php\/wp-json\/wp\/v2\/posts\/3900","targetHints":{"allow":["GET"]}}],"collection":[{"href":"https:\/\/prva.hr\/index.php\/wp-json\/wp\/v2\/posts"}],"about":[{"href":"https:\/\/prva.hr\/index.php\/wp-json\/wp\/v2\/types\/post"}],"author":[{"embeddable":true,"href":"https:\/\/prva.hr\/index.php\/wp-json\/wp\/v2\/users\/2"}],"replies":[{"embeddable":true,"href":"https:\/\/prva.hr\/index.php\/wp-json\/wp\/v2\/comments?post=3900"}],"version-history":[{"count":1,"href":"https:\/\/prva.hr\/index.php\/wp-json\/wp\/v2\/posts\/3900\/revisions"}],"predecessor-version":[{"id":3902,"href":"https:\/\/prva.hr\/index.php\/wp-json\/wp\/v2\/posts\/3900\/revisions\/3902"}],"wp:featuredmedia":[{"embeddable":true,"href":"https:\/\/prva.hr\/index.php\/wp-json\/wp\/v2\/media\/3901"}],"wp:attachment":[{"href":"https:\/\/prva.hr\/index.php\/wp-json\/wp\/v2\/media?parent=3900"}],"wp:term":[{"taxonomy":"category","embeddable":true,"href":"https:\/\/prva.hr\/index.php\/wp-json\/wp\/v2\/categories?post=3900"},{"taxonomy":"post_tag","embeddable":true,"href":"https:\/\/prva.hr\/index.php\/wp-json\/wp\/v2\/tags?post=3900"}],"curies":[{"name":"wp","href":"https:\/\/api.w.org\/{rel}","templated":true}]}}