{"id":4054,"date":"2018-11-07T12:41:03","date_gmt":"2018-11-07T11:41:03","guid":{"rendered":"http:\/\/www.prva.hr\/?p=4054"},"modified":"2018-11-09T12:28:12","modified_gmt":"2018-11-09T11:28:12","slug":"predstavljanje-hrvatskog-vojnog-ucilista-dr-franjo-tudman","status":"publish","type":"post","link":"https:\/\/prva.hr\/index.php\/2018\/11\/07\/predstavljanje-hrvatskog-vojnog-ucilista-dr-franjo-tudman\/","title":{"rendered":"Predstavljanje Hrvatskog vojnog u\u010dili\u0161ta &#8220;Dr. Franjo Tu\u0111man&#8221;"},"content":{"rendered":"<p>U sklopu programa profesionalnog usmjeravanja i informiranja Prve gimnazije, Hrvatsko vojno u\u010dili\u0161te &#8220;Dr. Franjo Tu\u0111man&#8221; odr\u017eat \u0107e predstavljanje u\u010dili\u0161ta i vojnih studijskih programa u Prvoj gimnaziji <strong>u \u010detvrtak, 8. studenog 2018. godine<\/strong>. Predstavljanje, s po\u010detkom u 14 sati, odr\u017eat \u0107e se u u\u010dionici 208.<\/p>\n<p>Pozivamo sve u\u010denike Prve gimnazije koji su zainteresirani za izgradnju karijere u vojsci da do\u0111u na predstavljanje.<\/p>\n","protected":false},"excerpt":{"rendered":"<p>U sklopu programa profesionalnog usmjeravanja i informiranja Prve gimnazije, Hrvatsko vojno u\u010dili\u0161te &#8220;Dr. Franjo Tu\u0111man&#8221; odr\u017eat \u0107e predstavljanje u\u010dili\u0161ta i vojnih studijskih programa u Prvoj gimnaziji u \u010detvrtak, 8. studenog 2018. godine. Predstavljanje, s po\u010detkom u 14 sati, odr\u017eat \u0107e se u u\u010dionici 208. Pozivamo sve u\u010denike Prve gimnazije koji su zainteresirani za izgradnju karijere [&hellip;]<\/p>\n","protected":false},"author":6,"featured_media":0,"comment_status":"closed","ping_status":"closed","sticky":false,"template":"","format":"standard","meta":{"_et_pb_use_builder":"","_et_pb_old_content":"","_et_gb_content_width":"","footnotes":""},"categories":[11],"tags":[],"class_list":["post-4054","post","type-post","status-publish","format-standard","hentry","category-najave"],"_links":{"self":[{"href":"https:\/\/prva.hr\/index.php\/wp-json\/wp\/v2\/posts\/4054","targetHints":{"allow":["GET"]}}],"collection":[{"href":"https:\/\/prva.hr\/index.php\/wp-json\/wp\/v2\/posts"}],"about":[{"href":"https:\/\/prva.hr\/index.php\/wp-json\/wp\/v2\/types\/post"}],"author":[{"embeddable":true,"href":"https:\/\/prva.hr\/index.php\/wp-json\/wp\/v2\/users\/6"}],"replies":[{"embeddable":true,"href":"https:\/\/prva.hr\/index.php\/wp-json\/wp\/v2\/comments?post=4054"}],"version-history":[{"count":1,"href":"https:\/\/prva.hr\/index.php\/wp-json\/wp\/v2\/posts\/4054\/revisions"}],"predecessor-version":[{"id":4055,"href":"https:\/\/prva.hr\/index.php\/wp-json\/wp\/v2\/posts\/4054\/revisions\/4055"}],"wp:attachment":[{"href":"https:\/\/prva.hr\/index.php\/wp-json\/wp\/v2\/media?parent=4054"}],"wp:term":[{"taxonomy":"category","embeddable":true,"href":"https:\/\/prva.hr\/index.php\/wp-json\/wp\/v2\/categories?post=4054"},{"taxonomy":"post_tag","embeddable":true,"href":"https:\/\/prva.hr\/index.php\/wp-json\/wp\/v2\/tags?post=4054"}],"curies":[{"name":"wp","href":"https:\/\/api.w.org\/{rel}","templated":true}]}}