{"id":4059,"date":"2018-11-08T09:23:07","date_gmt":"2018-11-08T08:23:07","guid":{"rendered":"http:\/\/www.prva.hr\/?p=4059"},"modified":"2018-11-23T09:38:54","modified_gmt":"2018-11-23T08:38:54","slug":"ucenici-upoznati-s-mogucnostima-studiranja-u-inozemstvu","status":"publish","type":"post","link":"https:\/\/prva.hr\/index.php\/2018\/11\/08\/ucenici-upoznati-s-mogucnostima-studiranja-u-inozemstvu\/","title":{"rendered":"U\u010denici upoznati s mogu\u0107nostima studiranja u inozemstvu"},"content":{"rendered":"<p>Dana 7. studenoga 2018. godine na informativnom \u0161tandu u predvorju \u0161kole u\u010denici na\u0161e \u0161kole imali su priliku upoznati se s mogu\u0107nostima studiranja u inozemstvu i informirati se o <em>Sajmu svjetskog obrazovanja <\/em>koji se odr\u017eava\u00a0u sklopu ovogodi\u0161njeg\u00a0<em>Interlibera, <\/em>dana 16. i 17. studenoga 2018.\u00a0Informiranje u\u010denika provedeno je u sklopu Programa profesionalnog usmjeravanja i informiranja I. gimnazije u suradnji s<em> Integral edukacijskim programima.<\/em><\/p>\n","protected":false},"excerpt":{"rendered":"<p>Dana 7. studenoga 2018. godine na informativnom \u0161tandu u predvorju \u0161kole u\u010denici na\u0161e \u0161kole imali su priliku upoznati se s mogu\u0107nostima studiranja u inozemstvu i informirati se o Sajmu svjetskog obrazovanja koji se odr\u017eava\u00a0u sklopu ovogodi\u0161njeg\u00a0Interlibera, dana 16. i 17. studenoga 2018.\u00a0Informiranje u\u010denika provedeno je u sklopu Programa profesionalnog usmjeravanja i informiranja I. gimnazije u [&hellip;]<\/p>\n","protected":false},"author":6,"featured_media":4060,"comment_status":"closed","ping_status":"closed","sticky":false,"template":"","format":"standard","meta":{"_et_pb_use_builder":"","_et_pb_old_content":"","_et_gb_content_width":"","footnotes":""},"categories":[12,51],"tags":[],"class_list":["post-4059","post","type-post","status-publish","format-standard","has-post-thumbnail","hentry","category-osvrti","category-profesionalna-orijentacija"],"_links":{"self":[{"href":"https:\/\/prva.hr\/index.php\/wp-json\/wp\/v2\/posts\/4059","targetHints":{"allow":["GET"]}}],"collection":[{"href":"https:\/\/prva.hr\/index.php\/wp-json\/wp\/v2\/posts"}],"about":[{"href":"https:\/\/prva.hr\/index.php\/wp-json\/wp\/v2\/types\/post"}],"author":[{"embeddable":true,"href":"https:\/\/prva.hr\/index.php\/wp-json\/wp\/v2\/users\/6"}],"replies":[{"embeddable":true,"href":"https:\/\/prva.hr\/index.php\/wp-json\/wp\/v2\/comments?post=4059"}],"version-history":[{"count":3,"href":"https:\/\/prva.hr\/index.php\/wp-json\/wp\/v2\/posts\/4059\/revisions"}],"predecessor-version":[{"id":4203,"href":"https:\/\/prva.hr\/index.php\/wp-json\/wp\/v2\/posts\/4059\/revisions\/4203"}],"wp:featuredmedia":[{"embeddable":true,"href":"https:\/\/prva.hr\/index.php\/wp-json\/wp\/v2\/media\/4060"}],"wp:attachment":[{"href":"https:\/\/prva.hr\/index.php\/wp-json\/wp\/v2\/media?parent=4059"}],"wp:term":[{"taxonomy":"category","embeddable":true,"href":"https:\/\/prva.hr\/index.php\/wp-json\/wp\/v2\/categories?post=4059"},{"taxonomy":"post_tag","embeddable":true,"href":"https:\/\/prva.hr\/index.php\/wp-json\/wp\/v2\/tags?post=4059"}],"curies":[{"name":"wp","href":"https:\/\/api.w.org\/{rel}","templated":true}]}}