{"id":4078,"date":"2018-11-09T12:15:43","date_gmt":"2018-11-09T11:15:43","guid":{"rendered":"http:\/\/www.prva.hr\/?p=4078"},"modified":"2018-11-23T09:24:31","modified_gmt":"2018-11-23T08:24:31","slug":"predstavljanje-hrvatskog-vojnog-ucilista-dr-franjo-tudman-u-prvoj-gimnaziji","status":"publish","type":"post","link":"https:\/\/prva.hr\/index.php\/2018\/11\/09\/predstavljanje-hrvatskog-vojnog-ucilista-dr-franjo-tudman-u-prvoj-gimnaziji\/","title":{"rendered":"Predstavljanje Hrvatskog vojnog u\u010dili\u0161ta \u201eDr. Franjo Tu\u0111man\u201c u I. gimnaziji"},"content":{"rendered":"<p>Dana 8. studenog 2018. godine I. gimnazija je u sklopu programa profesionalnog usmjeravanja i informiranja organizirala predstavljanje Hrvatskog vojnog u\u010dili\u0161ta \u201eDr. Franjo Tu\u0111man\u201c, koje je odgovorno za vojnu izobrazbu u <em>Oru\u017eanim snagama Republike Hrvatske<\/em>. U\u010denici zainteresirani za razvoj karijere u vojsci nakon nastave imali su priliku iz prve ruke saznati vi\u0161e o sveu\u010dili\u0161nim studijima vojnog in\u017eenjerstva te vojnog vo\u0111enja i upravljanja.<\/p>\n","protected":false},"excerpt":{"rendered":"<p>Dana 8. studenog 2018. godine I. gimnazija je u sklopu programa profesionalnog usmjeravanja i informiranja organizirala predstavljanje Hrvatskog vojnog u\u010dili\u0161ta \u201eDr. Franjo Tu\u0111man\u201c, koje je odgovorno za vojnu izobrazbu u Oru\u017eanim snagama Republike Hrvatske. U\u010denici zainteresirani za razvoj karijere u vojsci nakon nastave imali su priliku iz prve ruke saznati vi\u0161e o sveu\u010dili\u0161nim studijima vojnog [&hellip;]<\/p>\n","protected":false},"author":6,"featured_media":4079,"comment_status":"closed","ping_status":"closed","sticky":false,"template":"","format":"standard","meta":{"_et_pb_use_builder":"","_et_pb_old_content":"","_et_gb_content_width":"","footnotes":""},"categories":[12,51],"tags":[],"class_list":["post-4078","post","type-post","status-publish","format-standard","has-post-thumbnail","hentry","category-osvrti","category-profesionalna-orijentacija"],"_links":{"self":[{"href":"https:\/\/prva.hr\/index.php\/wp-json\/wp\/v2\/posts\/4078","targetHints":{"allow":["GET"]}}],"collection":[{"href":"https:\/\/prva.hr\/index.php\/wp-json\/wp\/v2\/posts"}],"about":[{"href":"https:\/\/prva.hr\/index.php\/wp-json\/wp\/v2\/types\/post"}],"author":[{"embeddable":true,"href":"https:\/\/prva.hr\/index.php\/wp-json\/wp\/v2\/users\/6"}],"replies":[{"embeddable":true,"href":"https:\/\/prva.hr\/index.php\/wp-json\/wp\/v2\/comments?post=4078"}],"version-history":[{"count":4,"href":"https:\/\/prva.hr\/index.php\/wp-json\/wp\/v2\/posts\/4078\/revisions"}],"predecessor-version":[{"id":4201,"href":"https:\/\/prva.hr\/index.php\/wp-json\/wp\/v2\/posts\/4078\/revisions\/4201"}],"wp:featuredmedia":[{"embeddable":true,"href":"https:\/\/prva.hr\/index.php\/wp-json\/wp\/v2\/media\/4079"}],"wp:attachment":[{"href":"https:\/\/prva.hr\/index.php\/wp-json\/wp\/v2\/media?parent=4078"}],"wp:term":[{"taxonomy":"category","embeddable":true,"href":"https:\/\/prva.hr\/index.php\/wp-json\/wp\/v2\/categories?post=4078"},{"taxonomy":"post_tag","embeddable":true,"href":"https:\/\/prva.hr\/index.php\/wp-json\/wp\/v2\/tags?post=4078"}],"curies":[{"name":"wp","href":"https:\/\/api.w.org\/{rel}","templated":true}]}}