{"id":4093,"date":"2018-11-12T08:06:58","date_gmt":"2018-11-12T07:06:58","guid":{"rendered":"http:\/\/www.prva.hr\/?p=4093"},"modified":"2018-11-12T08:06:58","modified_gmt":"2018-11-12T07:06:58","slug":"dani-otvorenih-vrata-studija-dizajna","status":"publish","type":"post","link":"https:\/\/prva.hr\/index.php\/2018\/11\/12\/dani-otvorenih-vrata-studija-dizajna\/","title":{"rendered":"Dani otvorenih vrata Studija dizajna"},"content":{"rendered":"<p class=\"m_8188825743176110986gmail-m-2241130903803712003m2554555816204877832gmail-p2\">Dani otvorenih vrata Studija dizajna odr\u017eati \u0107e se 23. i 24. studenoga 2018. godine u Frankopanskoj 12, u Zagrebu.<u><\/u><u><\/u><\/p>\n<p class=\"m_8188825743176110986gmail-m-2241130903803712003m2554555816204877832gmail-p1\">Cilj\u00a0 je budu\u0107im studentima pru\u017eiti \u0161to bolji uvid ustruku kao i prezentirati edukativni proces kojim \u0107e se pomo\u0107i mladim kreativcima da postanu profesionalci u pozitivnom mijenjanju na\u0161e okoline putem industrijskog dizajna i dizajna vizualnih komunikacija. Drugim rije\u010dima, pokazat \u0107e se gdje i kako se postaje dizajner koji oblikuje vizualne identitete, knjige, plakate, ambala\u017eu, namje\u0161taj, elektri\u010dne ure\u0111aje, interijere te mobilne i web aplikacije kao i sli\u010dne proizvode i usluge.<u><\/u><u><\/u><\/p>\n<p class=\"m_8188825743176110986gmail-m-2241130903803712003m2554555816204877832gmail-p2\">Kako bi se \u0161to uspje\u0161nije prezentirao studij, organizirana su dva termina u kojima bi u\u010denici imali priliku razgovarati s nastavnicima i studentima Studija dizajna, pogledati studentske radove, pregledati mape i zadatke s pro\u0161logodi\u0161njih prijemenih ispita i saznati sve \u0161to ih zanima o upisu i studiranju na preddiplomskom i diplomskom Studiju dizajna.<u><\/u><u><\/u><\/p>\n<p class=\"m_8188825743176110986gmail-m-2241130903803712003m2554555816204877832gmail-p2\"><u><\/u>\u00a0Termini:<u><\/u><\/p>\n<p class=\"m_8188825743176110986gmail-m-2241130903803712003m2554555816204877832gmail-p1\">petak, 23. studenoga u 13h<u><\/u><u><\/u><\/p>\n<p class=\"m_8188825743176110986gmail-m-2241130903803712003m2554555816204877832gmail-p1\">subota, 24. studenoga u 12h<u><\/u><u><\/u><\/p>\n<p class=\"m_8188825743176110986gmail-m-2241130903803712003m2554555816204877832gmail-p2\"><u><\/u>\u00a0<u><\/u>Molimo Vas da nam mailom potvrdite dolazak u odabranom terminu i broj zainteresiranih u\u010denika kako bi Vam mogli pru\u017eiti \u0161to kvalitetnije gostoprimstvo.<u><\/u><u><\/u><\/p>\n<p class=\"m_8188825743176110986gmail-m-2241130903803712003m2554555816204877832gmail-p2\"><u><\/u>\u00a0<u><\/u>Veselimo se susretu i srda\u010dno vas pozdravljamo,<u><\/u><u><\/u><\/p>\n<p class=\"m_8188825743176110986gmail-m-2241130903803712003m2554555816204877832gmail-p1\">Inja Kavuri\u0107 Kireta, asist.<u><\/u><u><\/u><\/p>\n<p class=\"m_8188825743176110986gmail-m-2241130903803712003m2554555816204877832gmail-p2\"><u><\/u>\u00a0<u><\/u><\/p>\n<p class=\"m_8188825743176110986gmail-m-2241130903803712003m2554555816204877832gmail-p1\">Studij dizajna<u><\/u><u><\/u><\/p>\n<p class=\"m_8188825743176110986gmail-m-2241130903803712003m2554555816204877832gmail-p1\">Frankopanska 12<u><\/u><u><\/u><\/p>\n<p class=\"m_8188825743176110986gmail-m-2241130903803712003m2554555816204877832gmail-p1\">10000 Zagreb<u><\/u><u><\/u><\/p>\n<p class=\"m_8188825743176110986gmail-m-2241130903803712003m2554555816204877832gmail-p2\"><u><\/u>\u00a0<u><\/u><\/p>\n<p class=\"m_8188825743176110986gmail-m-2241130903803712003m2554555816204877832gmail-p1\">tel: 091 754 1917<u><\/u><u><\/u><\/p>\n<p class=\"m_8188825743176110986gmail-m-2241130903803712003m2554555816204877832gmail-p1\">mail:\u00a0<a href=\"mailto:ikavuric@arhitekt.hr\" target=\"_blank\" rel=\"noopener\">ikavuric@arhitekt.hr<\/a><u><\/u><u><\/u><\/p>\n<p class=\"m_8188825743176110986gmail-m-2241130903803712003m2554555816204877832gmail-p1\"><a href=\"http:\/\/www.studijdizajna.com\/\" target=\"_blank\" rel=\"noopener\" data-saferedirecturl=\"https:\/\/www.google.com\/url?q=http:\/\/www.studijdizajna.com&amp;source=gmail&amp;ust=1542092570726000&amp;usg=AFQjCNH_BsnIb3uKG2XgFuYF07fBrxCdvQ\">www.studijdizajna.com<\/a><\/p>\n","protected":false},"excerpt":{"rendered":"<p>Dani otvorenih vrata Studija dizajna odr\u017eati \u0107e se 23. i 24. studenoga 2018. godine u Frankopanskoj 12, u Zagrebu. Cilj\u00a0 je budu\u0107im studentima pru\u017eiti \u0161to bolji uvid ustruku kao i prezentirati edukativni proces kojim \u0107e se pomo\u0107i mladim kreativcima da postanu profesionalci u pozitivnom mijenjanju na\u0161e okoline putem industrijskog dizajna i dizajna vizualnih komunikacija. Drugim [&hellip;]<\/p>\n","protected":false},"author":4,"featured_media":0,"comment_status":"closed","ping_status":"closed","sticky":false,"template":"","format":"standard","meta":{"_et_pb_use_builder":"","_et_pb_old_content":"","_et_gb_content_width":"","footnotes":""},"categories":[14],"tags":[],"class_list":["post-4093","post","type-post","status-publish","format-standard","hentry","category-dogadanja-izvan-skole"],"_links":{"self":[{"href":"https:\/\/prva.hr\/index.php\/wp-json\/wp\/v2\/posts\/4093","targetHints":{"allow":["GET"]}}],"collection":[{"href":"https:\/\/prva.hr\/index.php\/wp-json\/wp\/v2\/posts"}],"about":[{"href":"https:\/\/prva.hr\/index.php\/wp-json\/wp\/v2\/types\/post"}],"author":[{"embeddable":true,"href":"https:\/\/prva.hr\/index.php\/wp-json\/wp\/v2\/users\/4"}],"replies":[{"embeddable":true,"href":"https:\/\/prva.hr\/index.php\/wp-json\/wp\/v2\/comments?post=4093"}],"version-history":[{"count":1,"href":"https:\/\/prva.hr\/index.php\/wp-json\/wp\/v2\/posts\/4093\/revisions"}],"predecessor-version":[{"id":4094,"href":"https:\/\/prva.hr\/index.php\/wp-json\/wp\/v2\/posts\/4093\/revisions\/4094"}],"wp:attachment":[{"href":"https:\/\/prva.hr\/index.php\/wp-json\/wp\/v2\/media?parent=4093"}],"wp:term":[{"taxonomy":"category","embeddable":true,"href":"https:\/\/prva.hr\/index.php\/wp-json\/wp\/v2\/categories?post=4093"},{"taxonomy":"post_tag","embeddable":true,"href":"https:\/\/prva.hr\/index.php\/wp-json\/wp\/v2\/tags?post=4093"}],"curies":[{"name":"wp","href":"https:\/\/api.w.org\/{rel}","templated":true}]}}