{"id":4095,"date":"2018-11-12T12:39:03","date_gmt":"2018-11-12T11:39:03","guid":{"rendered":"http:\/\/www.prva.hr\/?p=4095"},"modified":"2018-11-23T09:39:46","modified_gmt":"2018-11-23T08:39:46","slug":"predstavljanje-studija-psihologije-u-prvoj-gimnaziji","status":"publish","type":"post","link":"https:\/\/prva.hr\/index.php\/2018\/11\/12\/predstavljanje-studija-psihologije-u-prvoj-gimnaziji\/","title":{"rendered":"Predstavljanje studija psihologije u I. gimnaziji"},"content":{"rendered":"<p>U sklopu programa profesionalnog usmjeravanja i informiranja I. gimnazije, biv\u0161i u\u010denici \u0161kole predstavit \u0107e studij psihologije s Filozofskog fakulteta Sveu\u010dili\u0161ta u Zagrebu. Predstavljanje \u0107e se odr\u017eati <strong>u srijedu, 14. studenoga 2018. godine, s po\u010detkom u 14 sati, u u\u010dionici 222<\/strong>.<\/p>\n<p>Pozivamo sve u\u010denike tre\u0107ih i \u010detvrtih razreda koje privla\u010di zanimanje psihologa da do\u0111u na predstavljanje.<\/p>\n","protected":false},"excerpt":{"rendered":"<p>U sklopu programa profesionalnog usmjeravanja i informiranja I. gimnazije, biv\u0161i u\u010denici \u0161kole predstavit \u0107e studij psihologije s Filozofskog fakulteta Sveu\u010dili\u0161ta u Zagrebu. Predstavljanje \u0107e se odr\u017eati u srijedu, 14. studenoga 2018. godine, s po\u010detkom u 14 sati, u u\u010dionici 222. Pozivamo sve u\u010denike tre\u0107ih i \u010detvrtih razreda koje privla\u010di zanimanje psihologa da do\u0111u na predstavljanje.<\/p>\n","protected":false},"author":6,"featured_media":0,"comment_status":"closed","ping_status":"closed","sticky":false,"template":"","format":"standard","meta":{"_et_pb_use_builder":"","_et_pb_old_content":"","_et_gb_content_width":"","footnotes":""},"categories":[11,51],"tags":[],"class_list":["post-4095","post","type-post","status-publish","format-standard","hentry","category-najave","category-profesionalna-orijentacija"],"_links":{"self":[{"href":"https:\/\/prva.hr\/index.php\/wp-json\/wp\/v2\/posts\/4095","targetHints":{"allow":["GET"]}}],"collection":[{"href":"https:\/\/prva.hr\/index.php\/wp-json\/wp\/v2\/posts"}],"about":[{"href":"https:\/\/prva.hr\/index.php\/wp-json\/wp\/v2\/types\/post"}],"author":[{"embeddable":true,"href":"https:\/\/prva.hr\/index.php\/wp-json\/wp\/v2\/users\/6"}],"replies":[{"embeddable":true,"href":"https:\/\/prva.hr\/index.php\/wp-json\/wp\/v2\/comments?post=4095"}],"version-history":[{"count":4,"href":"https:\/\/prva.hr\/index.php\/wp-json\/wp\/v2\/posts\/4095\/revisions"}],"predecessor-version":[{"id":4204,"href":"https:\/\/prva.hr\/index.php\/wp-json\/wp\/v2\/posts\/4095\/revisions\/4204"}],"wp:attachment":[{"href":"https:\/\/prva.hr\/index.php\/wp-json\/wp\/v2\/media?parent=4095"}],"wp:term":[{"taxonomy":"category","embeddable":true,"href":"https:\/\/prva.hr\/index.php\/wp-json\/wp\/v2\/categories?post=4095"},{"taxonomy":"post_tag","embeddable":true,"href":"https:\/\/prva.hr\/index.php\/wp-json\/wp\/v2\/tags?post=4095"}],"curies":[{"name":"wp","href":"https:\/\/api.w.org\/{rel}","templated":true}]}}