{"id":4151,"date":"2018-11-17T16:05:22","date_gmt":"2018-11-17T15:05:22","guid":{"rendered":"http:\/\/www.prva.hr\/?p=4151"},"modified":"2018-12-13T09:50:37","modified_gmt":"2018-12-13T08:50:37","slug":"dan-sjecanja","status":"publish","type":"post","link":"https:\/\/prva.hr\/index.php\/2018\/11\/17\/dan-sjecanja\/","title":{"rendered":"Dan sje\u0107anja"},"content":{"rendered":"<p>Tadicionalnim razrednim polaganjem bijelih ru\u017ea uz prigodnu glazbu odali smo po\u010dast \u017ertvama iz Vukovara i \u0160kabrnje.<\/p>\n","protected":false},"excerpt":{"rendered":"<p>Tadicionalnim razrednim polaganjem bijelih ru\u017ea uz prigodnu glazbu odali smo po\u010dast \u017ertvama iz Vukovara i \u0160kabrnje.<\/p>\n","protected":false},"author":2,"featured_media":4152,"comment_status":"closed","ping_status":"closed","sticky":false,"template":"","format":"standard","meta":{"_et_pb_use_builder":"","_et_pb_old_content":"","_et_gb_content_width":"","footnotes":""},"categories":[12,6],"tags":[],"class_list":["post-4151","post","type-post","status-publish","format-standard","has-post-thumbnail","hentry","category-osvrti","category-aktualna-dogadanja"],"_links":{"self":[{"href":"https:\/\/prva.hr\/index.php\/wp-json\/wp\/v2\/posts\/4151","targetHints":{"allow":["GET"]}}],"collection":[{"href":"https:\/\/prva.hr\/index.php\/wp-json\/wp\/v2\/posts"}],"about":[{"href":"https:\/\/prva.hr\/index.php\/wp-json\/wp\/v2\/types\/post"}],"author":[{"embeddable":true,"href":"https:\/\/prva.hr\/index.php\/wp-json\/wp\/v2\/users\/2"}],"replies":[{"embeddable":true,"href":"https:\/\/prva.hr\/index.php\/wp-json\/wp\/v2\/comments?post=4151"}],"version-history":[{"count":2,"href":"https:\/\/prva.hr\/index.php\/wp-json\/wp\/v2\/posts\/4151\/revisions"}],"predecessor-version":[{"id":4154,"href":"https:\/\/prva.hr\/index.php\/wp-json\/wp\/v2\/posts\/4151\/revisions\/4154"}],"wp:featuredmedia":[{"embeddable":true,"href":"https:\/\/prva.hr\/index.php\/wp-json\/wp\/v2\/media\/4152"}],"wp:attachment":[{"href":"https:\/\/prva.hr\/index.php\/wp-json\/wp\/v2\/media?parent=4151"}],"wp:term":[{"taxonomy":"category","embeddable":true,"href":"https:\/\/prva.hr\/index.php\/wp-json\/wp\/v2\/categories?post=4151"},{"taxonomy":"post_tag","embeddable":true,"href":"https:\/\/prva.hr\/index.php\/wp-json\/wp\/v2\/tags?post=4151"}],"curies":[{"name":"wp","href":"https:\/\/api.w.org\/{rel}","templated":true}]}}