{"id":4162,"date":"2018-11-20T09:29:00","date_gmt":"2018-11-20T08:29:00","guid":{"rendered":"http:\/\/www.prva.hr\/?p=4162"},"modified":"2018-11-20T09:32:34","modified_gmt":"2018-11-20T08:32:34","slug":"predstavljanje-akademije-dramske-umjetnosti","status":"publish","type":"post","link":"https:\/\/prva.hr\/index.php\/2018\/11\/20\/predstavljanje-akademije-dramske-umjetnosti\/","title":{"rendered":"Predstavljanje Akademije dramske umjetnosti"},"content":{"rendered":"<p style=\"font-weight: 400;\">Pozivamo vas na predstavljanje Akademije dramske umjetnosti koje \u0107e biti odr\u017eano\u00a0<strong>24. studenoga 2018. od 10 do 13 sati u<\/strong>\u00a0<strong>Francuskom paviljonu\u00a0<\/strong><strong>Studentskog centra u Zagrebu (Savska cesta 25)<\/strong>.<\/p>\n<p style=\"font-weight: 400;\">Na ovogodi\u0161njoj Smotri Sveu\u010dili\u0161ta mo\u0107i \u0107ete se upoznati s radom Akademije dramske umjetnosti, u\u017eivati u bogatom interaktivnom programu te razgovarati sa sada\u0161njim studentima i studenticama koji \u0107e vam rado pru\u017eiti dodatne informacije o na\u0161im studijima i odsjecima.<\/p>\n<p><a href=\"https:\/\/gallery.mailchimp.com\/69e591ca27c71e3b460e938fe\/files\/32031b28-3eb9-40ae-a524-e675aa7cf5bc\/Smotra_Sveu%C4%8Dili%C5%A1ta_ADU_program.pdf\">ADU program<\/a><\/p>\n<p><a href=\"https:\/\/gallery.mailchimp.com\/69e591ca27c71e3b460e938fe\/files\/51c23b17-811b-4b6b-8126-bdc43ee0855d\/Smotra_Sveu%C4%8Dili%C5%A1ta_ADU_bro%C5%A1ura.pdf\">ADU bro\u0161ura<\/a><\/p>\n","protected":false},"excerpt":{"rendered":"<p>Pozivamo vas na predstavljanje Akademije dramske umjetnosti koje \u0107e biti odr\u017eano\u00a024. studenoga 2018. od 10 do 13 sati u\u00a0Francuskom paviljonu\u00a0Studentskog centra u Zagrebu (Savska cesta 25). Na ovogodi\u0161njoj Smotri Sveu\u010dili\u0161ta mo\u0107i \u0107ete se upoznati s radom Akademije dramske umjetnosti, u\u017eivati u bogatom interaktivnom programu te razgovarati sa sada\u0161njim studentima i studenticama koji \u0107e vam rado [&hellip;]<\/p>\n","protected":false},"author":4,"featured_media":0,"comment_status":"closed","ping_status":"closed","sticky":false,"template":"","format":"standard","meta":{"_et_pb_use_builder":"","_et_pb_old_content":"","_et_gb_content_width":"","footnotes":""},"categories":[14],"tags":[],"class_list":["post-4162","post","type-post","status-publish","format-standard","hentry","category-dogadanja-izvan-skole"],"_links":{"self":[{"href":"https:\/\/prva.hr\/index.php\/wp-json\/wp\/v2\/posts\/4162","targetHints":{"allow":["GET"]}}],"collection":[{"href":"https:\/\/prva.hr\/index.php\/wp-json\/wp\/v2\/posts"}],"about":[{"href":"https:\/\/prva.hr\/index.php\/wp-json\/wp\/v2\/types\/post"}],"author":[{"embeddable":true,"href":"https:\/\/prva.hr\/index.php\/wp-json\/wp\/v2\/users\/4"}],"replies":[{"embeddable":true,"href":"https:\/\/prva.hr\/index.php\/wp-json\/wp\/v2\/comments?post=4162"}],"version-history":[{"count":2,"href":"https:\/\/prva.hr\/index.php\/wp-json\/wp\/v2\/posts\/4162\/revisions"}],"predecessor-version":[{"id":4164,"href":"https:\/\/prva.hr\/index.php\/wp-json\/wp\/v2\/posts\/4162\/revisions\/4164"}],"wp:attachment":[{"href":"https:\/\/prva.hr\/index.php\/wp-json\/wp\/v2\/media?parent=4162"}],"wp:term":[{"taxonomy":"category","embeddable":true,"href":"https:\/\/prva.hr\/index.php\/wp-json\/wp\/v2\/categories?post=4162"},{"taxonomy":"post_tag","embeddable":true,"href":"https:\/\/prva.hr\/index.php\/wp-json\/wp\/v2\/tags?post=4162"}],"curies":[{"name":"wp","href":"https:\/\/api.w.org\/{rel}","templated":true}]}}