{"id":4180,"date":"2018-11-21T14:43:25","date_gmt":"2018-11-21T13:43:25","guid":{"rendered":"http:\/\/www.prva.hr\/?p=4180"},"modified":"2018-11-21T14:43:25","modified_gmt":"2018-11-21T13:43:25","slug":"xvi-zagreb-karate-fest-top-ten","status":"publish","type":"post","link":"https:\/\/prva.hr\/index.php\/2018\/11\/21\/xvi-zagreb-karate-fest-top-ten\/","title":{"rendered":"XVI. ZAGREB KARATE FEST &#8211; TOP TEN"},"content":{"rendered":"<p>XVI. Zagreb karate fest &#8211;\u00a0TOP TEN, odr\u017eat \u0107e se u nedjelju, 25. 11. 2018. u trajnju od 18.20 do 21.00 sat u Domu sportova u dvorani II, na kojem \u0107e nastupiti najbolje svjetske, europske i hrvatske natjecateljice u karateu.\u00a0 Manifestacija je humanitarnog karaktera.<\/p>\n<p>Ulaz je besplatan.<\/p>\n","protected":false},"excerpt":{"rendered":"<p>XVI. Zagreb karate fest &#8211;\u00a0TOP TEN, odr\u017eat \u0107e se u nedjelju, 25. 11. 2018. u trajnju od 18.20 do 21.00 sat u Domu sportova u dvorani II, na kojem \u0107e nastupiti najbolje svjetske, europske i hrvatske natjecateljice u karateu.\u00a0 Manifestacija je humanitarnog karaktera. Ulaz je besplatan.<\/p>\n","protected":false},"author":4,"featured_media":0,"comment_status":"closed","ping_status":"closed","sticky":false,"template":"","format":"standard","meta":{"_et_pb_use_builder":"","_et_pb_old_content":"","_et_gb_content_width":"","footnotes":""},"categories":[14],"tags":[],"class_list":["post-4180","post","type-post","status-publish","format-standard","hentry","category-dogadanja-izvan-skole"],"_links":{"self":[{"href":"https:\/\/prva.hr\/index.php\/wp-json\/wp\/v2\/posts\/4180","targetHints":{"allow":["GET"]}}],"collection":[{"href":"https:\/\/prva.hr\/index.php\/wp-json\/wp\/v2\/posts"}],"about":[{"href":"https:\/\/prva.hr\/index.php\/wp-json\/wp\/v2\/types\/post"}],"author":[{"embeddable":true,"href":"https:\/\/prva.hr\/index.php\/wp-json\/wp\/v2\/users\/4"}],"replies":[{"embeddable":true,"href":"https:\/\/prva.hr\/index.php\/wp-json\/wp\/v2\/comments?post=4180"}],"version-history":[{"count":1,"href":"https:\/\/prva.hr\/index.php\/wp-json\/wp\/v2\/posts\/4180\/revisions"}],"predecessor-version":[{"id":4181,"href":"https:\/\/prva.hr\/index.php\/wp-json\/wp\/v2\/posts\/4180\/revisions\/4181"}],"wp:attachment":[{"href":"https:\/\/prva.hr\/index.php\/wp-json\/wp\/v2\/media?parent=4180"}],"wp:term":[{"taxonomy":"category","embeddable":true,"href":"https:\/\/prva.hr\/index.php\/wp-json\/wp\/v2\/categories?post=4180"},{"taxonomy":"post_tag","embeddable":true,"href":"https:\/\/prva.hr\/index.php\/wp-json\/wp\/v2\/tags?post=4180"}],"curies":[{"name":"wp","href":"https:\/\/api.w.org\/{rel}","templated":true}]}}