{"id":4255,"date":"2018-11-26T13:34:14","date_gmt":"2018-11-26T12:34:14","guid":{"rendered":"http:\/\/www.prva.hr\/?p=4255"},"modified":"2018-11-26T13:34:14","modified_gmt":"2018-11-26T12:34:14","slug":"predstavljanje-zbirke-pjesama-volim-te-do-neba-i-nazad","status":"publish","type":"post","link":"https:\/\/prva.hr\/index.php\/2018\/11\/26\/predstavljanje-zbirke-pjesama-volim-te-do-neba-i-nazad\/","title":{"rendered":"Predstavljanje zbirke pjesama \u201eVolim te do neba i nazad!\u201c"},"content":{"rendered":"<p>Dana 22. studenog 2018. godine u \u010ce\u0161koj besedi, u organizaciji <em>Vije\u0107a makedonske nacionalne manjine Grada Zagreba<\/em>, odr\u017eana je promocija zbirke pjesama \u201eVolim te do neba i nazad!\u201c, autorice Ane Bunteske. Rije\u010d je o zbirci koju su u sklopu preveli u\u010denici koji poha\u0111aju nastavu makedonskog jezika i kulture (model C) u I. gimnaziji. O knjizi su govorili profesorica Tinka Barbutov Krsteva, nastavnica makedonskog jezika i kulture u I. gimnaziji, kao i u\u010denice koje su sudjelovale u prevo\u0111enju.<\/p>\n","protected":false},"excerpt":{"rendered":"<p>Dana 22. studenog 2018. godine u \u010ce\u0161koj besedi, u organizaciji Vije\u0107a makedonske nacionalne manjine Grada Zagreba, odr\u017eana je promocija zbirke pjesama \u201eVolim te do neba i nazad!\u201c, autorice Ane Bunteske. Rije\u010d je o zbirci koju su u sklopu preveli u\u010denici koji poha\u0111aju nastavu makedonskog jezika i kulture (model C) u I. gimnaziji. O knjizi su [&hellip;]<\/p>\n","protected":false},"author":6,"featured_media":4256,"comment_status":"closed","ping_status":"closed","sticky":false,"template":"","format":"standard","meta":{"_et_pb_use_builder":"","_et_pb_old_content":"","_et_gb_content_width":"","footnotes":""},"categories":[14],"tags":[],"class_list":["post-4255","post","type-post","status-publish","format-standard","has-post-thumbnail","hentry","category-dogadanja-izvan-skole"],"_links":{"self":[{"href":"https:\/\/prva.hr\/index.php\/wp-json\/wp\/v2\/posts\/4255","targetHints":{"allow":["GET"]}}],"collection":[{"href":"https:\/\/prva.hr\/index.php\/wp-json\/wp\/v2\/posts"}],"about":[{"href":"https:\/\/prva.hr\/index.php\/wp-json\/wp\/v2\/types\/post"}],"author":[{"embeddable":true,"href":"https:\/\/prva.hr\/index.php\/wp-json\/wp\/v2\/users\/6"}],"replies":[{"embeddable":true,"href":"https:\/\/prva.hr\/index.php\/wp-json\/wp\/v2\/comments?post=4255"}],"version-history":[{"count":1,"href":"https:\/\/prva.hr\/index.php\/wp-json\/wp\/v2\/posts\/4255\/revisions"}],"predecessor-version":[{"id":4257,"href":"https:\/\/prva.hr\/index.php\/wp-json\/wp\/v2\/posts\/4255\/revisions\/4257"}],"wp:featuredmedia":[{"embeddable":true,"href":"https:\/\/prva.hr\/index.php\/wp-json\/wp\/v2\/media\/4256"}],"wp:attachment":[{"href":"https:\/\/prva.hr\/index.php\/wp-json\/wp\/v2\/media?parent=4255"}],"wp:term":[{"taxonomy":"category","embeddable":true,"href":"https:\/\/prva.hr\/index.php\/wp-json\/wp\/v2\/categories?post=4255"},{"taxonomy":"post_tag","embeddable":true,"href":"https:\/\/prva.hr\/index.php\/wp-json\/wp\/v2\/tags?post=4255"}],"curies":[{"name":"wp","href":"https:\/\/api.w.org\/{rel}","templated":true}]}}