{"id":4299,"date":"2018-12-03T11:38:54","date_gmt":"2018-12-03T10:38:54","guid":{"rendered":"http:\/\/www.prva.hr\/?p=4299"},"modified":"2018-12-05T12:26:30","modified_gmt":"2018-12-05T11:26:30","slug":"uspjesno-provedena-sabirna-akcija-budi-cool-udijeli-slatkis-svoj-2","status":"publish","type":"post","link":"https:\/\/prva.hr\/index.php\/2018\/12\/03\/uspjesno-provedena-sabirna-akcija-budi-cool-udijeli-slatkis-svoj-2\/","title":{"rendered":"Uspje\u0161no provedena sabirna akcija &#8220;Budi cool, udijeli slatki\u0161 svoj&#8221;"},"content":{"rendered":"<p>U tjednu od 26. do 30. studenoga 2018. godine u I. gimnaziji je jo\u0161 jednom uspje\u0161no provedena akcija \u201eBudi cool, udijeli slatki\u0161 svoj\u201c koju organizira <em>Caritas Zagreba\u010dke nadbiskupije<\/em>. Na\u0161i su u\u010denici i nastavnici prikupili punu kutiju slatki\u0161a koji \u0107e povodom blagdana sv. Nikole biti podijeljeni djeci iz obitelji slabijeg imovinskog statusa. Ovim putem zahvaljujemo svima koji su se odrekli svog slatki\u0161a i donijeli osmijeh na lice na\u0161im najmla\u0111im sugra\u0111anima.<\/p>\n","protected":false},"excerpt":{"rendered":"<p>U tjednu od 26. do 30. studenoga 2018. godine u I. gimnaziji je jo\u0161 jednom uspje\u0161no provedena akcija \u201eBudi cool, udijeli slatki\u0161 svoj\u201c koju organizira Caritas Zagreba\u010dke nadbiskupije. Na\u0161i su u\u010denici i nastavnici prikupili punu kutiju slatki\u0161a koji \u0107e povodom blagdana sv. Nikole biti podijeljeni djeci iz obitelji slabijeg imovinskog statusa. Ovim putem zahvaljujemo svima [&hellip;]<\/p>\n","protected":false},"author":6,"featured_media":4300,"comment_status":"closed","ping_status":"closed","sticky":false,"template":"","format":"standard","meta":{"_et_pb_use_builder":"","_et_pb_old_content":"","_et_gb_content_width":"","footnotes":""},"categories":[12],"tags":[],"class_list":["post-4299","post","type-post","status-publish","format-standard","has-post-thumbnail","hentry","category-osvrti"],"_links":{"self":[{"href":"https:\/\/prva.hr\/index.php\/wp-json\/wp\/v2\/posts\/4299","targetHints":{"allow":["GET"]}}],"collection":[{"href":"https:\/\/prva.hr\/index.php\/wp-json\/wp\/v2\/posts"}],"about":[{"href":"https:\/\/prva.hr\/index.php\/wp-json\/wp\/v2\/types\/post"}],"author":[{"embeddable":true,"href":"https:\/\/prva.hr\/index.php\/wp-json\/wp\/v2\/users\/6"}],"replies":[{"embeddable":true,"href":"https:\/\/prva.hr\/index.php\/wp-json\/wp\/v2\/comments?post=4299"}],"version-history":[{"count":3,"href":"https:\/\/prva.hr\/index.php\/wp-json\/wp\/v2\/posts\/4299\/revisions"}],"predecessor-version":[{"id":4322,"href":"https:\/\/prva.hr\/index.php\/wp-json\/wp\/v2\/posts\/4299\/revisions\/4322"}],"wp:featuredmedia":[{"embeddable":true,"href":"https:\/\/prva.hr\/index.php\/wp-json\/wp\/v2\/media\/4300"}],"wp:attachment":[{"href":"https:\/\/prva.hr\/index.php\/wp-json\/wp\/v2\/media?parent=4299"}],"wp:term":[{"taxonomy":"category","embeddable":true,"href":"https:\/\/prva.hr\/index.php\/wp-json\/wp\/v2\/categories?post=4299"},{"taxonomy":"post_tag","embeddable":true,"href":"https:\/\/prva.hr\/index.php\/wp-json\/wp\/v2\/tags?post=4299"}],"curies":[{"name":"wp","href":"https:\/\/api.w.org\/{rel}","templated":true}]}}