{"id":4370,"date":"2018-12-13T09:48:00","date_gmt":"2018-12-13T08:48:00","guid":{"rendered":"http:\/\/www.prva.hr\/?p=4370"},"modified":"2019-01-08T08:46:30","modified_gmt":"2019-01-08T07:46:30","slug":"likovna-radionica-prve-i-prve","status":"publish","type":"post","link":"https:\/\/prva.hr\/index.php\/2018\/12\/13\/likovna-radionica-prve-i-prve\/","title":{"rendered":"Likovna radionica Prve i Prve"},"content":{"rendered":"<p>Tradicionalna suradnja Prve gimnazije Maribor i na\u0161e \u0161kole ove je\u00a0 godine poprimila umjetni\u010dki oblik. Naime, 7. prosinca 2018. je grupa od 20-ak njihovih i na\u0161ih u\u010denika sudjelovala u radionici izrade umjetni\u010dkih predmeta od gline pod vodstvom prof. Sekuli\u0107-\u0160tiv\u010devi\u0107. Osim radosti oblikovanja, dragi gosti osjetili su i radost prelijepog Adventa u Zagrebu.<\/p>\n","protected":false},"excerpt":{"rendered":"<p>Tradicionalna suradnja Prve gimnazije Maribor i na\u0161e \u0161kole ove je\u00a0 godine poprimila umjetni\u010dki oblik. Naime, 7. prosinca 2018. je grupa od 20-ak njihovih i na\u0161ih u\u010denika sudjelovala u radionici izrade umjetni\u010dkih predmeta od gline pod vodstvom prof. Sekuli\u0107-\u0160tiv\u010devi\u0107. Osim radosti oblikovanja, dragi gosti osjetili su i radost prelijepog Adventa u Zagrebu.<\/p>\n","protected":false},"author":2,"featured_media":4374,"comment_status":"closed","ping_status":"closed","sticky":false,"template":"","format":"standard","meta":{"_et_pb_use_builder":"","_et_pb_old_content":"","_et_gb_content_width":"","footnotes":""},"categories":[67,6,4],"tags":[],"class_list":["post-4370","post","type-post","status-publish","format-standard","has-post-thumbnail","hentry","category-aktivnosti-projekti-medunarodne-suradnje","category-aktualna-dogadanja","category-najnovije-vijesti"],"_links":{"self":[{"href":"https:\/\/prva.hr\/index.php\/wp-json\/wp\/v2\/posts\/4370","targetHints":{"allow":["GET"]}}],"collection":[{"href":"https:\/\/prva.hr\/index.php\/wp-json\/wp\/v2\/posts"}],"about":[{"href":"https:\/\/prva.hr\/index.php\/wp-json\/wp\/v2\/types\/post"}],"author":[{"embeddable":true,"href":"https:\/\/prva.hr\/index.php\/wp-json\/wp\/v2\/users\/2"}],"replies":[{"embeddable":true,"href":"https:\/\/prva.hr\/index.php\/wp-json\/wp\/v2\/comments?post=4370"}],"version-history":[{"count":1,"href":"https:\/\/prva.hr\/index.php\/wp-json\/wp\/v2\/posts\/4370\/revisions"}],"predecessor-version":[{"id":4375,"href":"https:\/\/prva.hr\/index.php\/wp-json\/wp\/v2\/posts\/4370\/revisions\/4375"}],"wp:featuredmedia":[{"embeddable":true,"href":"https:\/\/prva.hr\/index.php\/wp-json\/wp\/v2\/media\/4374"}],"wp:attachment":[{"href":"https:\/\/prva.hr\/index.php\/wp-json\/wp\/v2\/media?parent=4370"}],"wp:term":[{"taxonomy":"category","embeddable":true,"href":"https:\/\/prva.hr\/index.php\/wp-json\/wp\/v2\/categories?post=4370"},{"taxonomy":"post_tag","embeddable":true,"href":"https:\/\/prva.hr\/index.php\/wp-json\/wp\/v2\/tags?post=4370"}],"curies":[{"name":"wp","href":"https:\/\/api.w.org\/{rel}","templated":true}]}}