{"id":4409,"date":"2018-12-19T11:50:23","date_gmt":"2018-12-19T10:50:23","guid":{"rendered":"http:\/\/www.prva.hr\/?p=4409"},"modified":"2018-12-19T16:38:03","modified_gmt":"2018-12-19T15:38:03","slug":"posjet-djecjeg-vrtica-utrina-i-gimnaziji","status":"publish","type":"post","link":"https:\/\/prva.hr\/index.php\/2018\/12\/19\/posjet-djecjeg-vrtica-utrina-i-gimnaziji\/","title":{"rendered":"Posjet Dje\u010djeg vrti\u0107a Utrina I. gimnaziji"},"content":{"rendered":"<p>Dana 13. prosinca polaznici Dje\u010djeg vrti\u0107a Utrina posjetili su I. gimnaziju te pogledali predstavu &#8220;Je\u017eeva ku\u0107ica&#8221; u izvedbi Dramske skupine I. gimnazije. Ovaj je susret ostvaren u kontekstu dugogodi\u0161nje suradnje DV Utrina i I. gimnazije. Naime, \u010dlanovi Volonterskog kluba I. gimnazije od \u0161kolske godine 2017.\/2018. volontiraju u DV Utrina.<\/p>\n<p>Djeca su u\u017eivala u predstavi, a nakon nje se pridru\u017eila glumcima u pjesmi i plesu na pozornici. Njihovo veselje razveselilo je u\u010denike i nastavnike pa se radujemo sljede\u0107em posjetu!<\/p>\n","protected":false},"excerpt":{"rendered":"<p>Dana 13. prosinca polaznici Dje\u010djeg vrti\u0107a Utrina posjetili su I. gimnaziju te pogledali predstavu &#8220;Je\u017eeva ku\u0107ica&#8221; u izvedbi Dramske skupine I. gimnazije. Ovaj je susret ostvaren u kontekstu dugogodi\u0161nje suradnje DV Utrina i I. gimnazije. Naime, \u010dlanovi Volonterskog kluba I. gimnazije od \u0161kolske godine 2017.\/2018. volontiraju u DV Utrina. Djeca su u\u017eivala u predstavi, a [&hellip;]<\/p>\n","protected":false},"author":6,"featured_media":4410,"comment_status":"closed","ping_status":"closed","sticky":false,"template":"","format":"standard","meta":{"_et_pb_use_builder":"","_et_pb_old_content":"","_et_gb_content_width":"","footnotes":""},"categories":[45,12],"tags":[],"class_list":["post-4409","post","type-post","status-publish","format-standard","has-post-thumbnail","hentry","category-aktivnosti-izvannastavne-aktivnosti-volonterski-klub","category-osvrti"],"_links":{"self":[{"href":"https:\/\/prva.hr\/index.php\/wp-json\/wp\/v2\/posts\/4409","targetHints":{"allow":["GET"]}}],"collection":[{"href":"https:\/\/prva.hr\/index.php\/wp-json\/wp\/v2\/posts"}],"about":[{"href":"https:\/\/prva.hr\/index.php\/wp-json\/wp\/v2\/types\/post"}],"author":[{"embeddable":true,"href":"https:\/\/prva.hr\/index.php\/wp-json\/wp\/v2\/users\/6"}],"replies":[{"embeddable":true,"href":"https:\/\/prva.hr\/index.php\/wp-json\/wp\/v2\/comments?post=4409"}],"version-history":[{"count":2,"href":"https:\/\/prva.hr\/index.php\/wp-json\/wp\/v2\/posts\/4409\/revisions"}],"predecessor-version":[{"id":4415,"href":"https:\/\/prva.hr\/index.php\/wp-json\/wp\/v2\/posts\/4409\/revisions\/4415"}],"wp:featuredmedia":[{"embeddable":true,"href":"https:\/\/prva.hr\/index.php\/wp-json\/wp\/v2\/media\/4410"}],"wp:attachment":[{"href":"https:\/\/prva.hr\/index.php\/wp-json\/wp\/v2\/media?parent=4409"}],"wp:term":[{"taxonomy":"category","embeddable":true,"href":"https:\/\/prva.hr\/index.php\/wp-json\/wp\/v2\/categories?post=4409"},{"taxonomy":"post_tag","embeddable":true,"href":"https:\/\/prva.hr\/index.php\/wp-json\/wp\/v2\/tags?post=4409"}],"curies":[{"name":"wp","href":"https:\/\/api.w.org\/{rel}","templated":true}]}}