{"id":4504,"date":"2019-01-16T08:48:46","date_gmt":"2019-01-16T07:48:46","guid":{"rendered":"http:\/\/www.prva.hr\/?p=4504"},"modified":"2019-01-16T09:31:32","modified_gmt":"2019-01-16T08:31:32","slug":"otvoreni-dan-filozofskog-fakulteta","status":"publish","type":"post","link":"https:\/\/prva.hr\/index.php\/2019\/01\/16\/otvoreni-dan-filozofskog-fakulteta\/","title":{"rendered":"OTVORENI DAN FILOZOFSKOG FAKULTETA"},"content":{"rendered":"<p>2. dan otvorenih vrata Filozofskog fakulteta odr\u017eat \u0107e se <strong>u petak 25.<\/strong><strong><br \/>\nsije\u010dnja 2019<\/strong>., a namijenjen je su u prvom redu u\u010denicima zavr\u0161nih godina<br \/>\nsrednjih \u0161kola i njihovim roditeljima. Tijekom Dana otvorenih vrata<br \/>\nsrednjo\u0161kolci \u0107e dobiti informacije o upisima i studijskim programima od<br \/>\nprofesora i studenata, a imat \u0107e priliku prisustvovati nastavi pojedinih<br \/>\nkolegija te upoznati uspje\u0161ne biv\u0161e studente Fakulteta. Cjelokupni<br \/>\nprogram bit \u0107e objavljen na mre\u017enim stranicama Fakulteta:\u00a0<a href=\"https:\/\/ffzg.unizg.hr\/\">https:\/\/ffzg.unizg.hr<\/a><\/p>\n","protected":false},"excerpt":{"rendered":"<p>2. dan otvorenih vrata Filozofskog fakulteta odr\u017eat \u0107e se u petak 25. sije\u010dnja 2019., a namijenjen je su u prvom redu u\u010denicima zavr\u0161nih godina srednjih \u0161kola i njihovim roditeljima. Tijekom Dana otvorenih vrata srednjo\u0161kolci \u0107e dobiti informacije o upisima i studijskim programima od profesora i studenata, a imat \u0107e priliku prisustvovati nastavi pojedinih kolegija te [&hellip;]<\/p>\n","protected":false},"author":6,"featured_media":0,"comment_status":"closed","ping_status":"closed","sticky":false,"template":"","format":"standard","meta":{"_et_pb_use_builder":"","_et_pb_old_content":"","_et_gb_content_width":"","footnotes":""},"categories":[14],"tags":[],"class_list":["post-4504","post","type-post","status-publish","format-standard","hentry","category-dogadanja-izvan-skole"],"_links":{"self":[{"href":"https:\/\/prva.hr\/index.php\/wp-json\/wp\/v2\/posts\/4504","targetHints":{"allow":["GET"]}}],"collection":[{"href":"https:\/\/prva.hr\/index.php\/wp-json\/wp\/v2\/posts"}],"about":[{"href":"https:\/\/prva.hr\/index.php\/wp-json\/wp\/v2\/types\/post"}],"author":[{"embeddable":true,"href":"https:\/\/prva.hr\/index.php\/wp-json\/wp\/v2\/users\/6"}],"replies":[{"embeddable":true,"href":"https:\/\/prva.hr\/index.php\/wp-json\/wp\/v2\/comments?post=4504"}],"version-history":[{"count":6,"href":"https:\/\/prva.hr\/index.php\/wp-json\/wp\/v2\/posts\/4504\/revisions"}],"predecessor-version":[{"id":4509,"href":"https:\/\/prva.hr\/index.php\/wp-json\/wp\/v2\/posts\/4504\/revisions\/4509"}],"wp:attachment":[{"href":"https:\/\/prva.hr\/index.php\/wp-json\/wp\/v2\/media?parent=4504"}],"wp:term":[{"taxonomy":"category","embeddable":true,"href":"https:\/\/prva.hr\/index.php\/wp-json\/wp\/v2\/categories?post=4504"},{"taxonomy":"post_tag","embeddable":true,"href":"https:\/\/prva.hr\/index.php\/wp-json\/wp\/v2\/tags?post=4504"}],"curies":[{"name":"wp","href":"https:\/\/api.w.org\/{rel}","templated":true}]}}