{"id":4517,"date":"2019-01-17T14:32:47","date_gmt":"2019-01-17T13:32:47","guid":{"rendered":"http:\/\/www.prva.hr\/?p=4517"},"modified":"2019-01-17T14:32:47","modified_gmt":"2019-01-17T13:32:47","slug":"predstavljanje-filozofskog-fakulteta-u-i-gimnaziji","status":"publish","type":"post","link":"https:\/\/prva.hr\/index.php\/2019\/01\/17\/predstavljanje-filozofskog-fakulteta-u-i-gimnaziji\/","title":{"rendered":"Predstavljanje Filozofskog fakulteta u I. gimnaziji"},"content":{"rendered":"<p>U sklopu programa profesionalnog usmjeravanja i informiranja I. gimnazije, biv\u0161i u\u010denici \u0161kole predstavit \u0107e Filozofski fakultet Sveu\u010dili\u0161ta u Zagrebu, s naglaskom na studije kroatistike, germanistike, sociologije i filozofije. Predstavljanje \u0107e se odr\u017eati u petak, 18. sije\u010dnja 2019. godine, s po\u010detkom u 14 sati, u u\u010dionici 222. Pozivamo sve u\u010denike tre\u0107ih i \u010detvrtih razreda koji razmi\u0161ljaju o upisu na Filozofski fakultet da do\u0111u na predstavljanje.<\/p>\n","protected":false},"excerpt":{"rendered":"<p>U sklopu programa profesionalnog usmjeravanja i informiranja I. gimnazije, biv\u0161i u\u010denici \u0161kole predstavit \u0107e Filozofski fakultet Sveu\u010dili\u0161ta u Zagrebu, s naglaskom na studije kroatistike, germanistike, sociologije i filozofije. Predstavljanje \u0107e se odr\u017eati u petak, 18. sije\u010dnja 2019. godine, s po\u010detkom u 14 sati, u u\u010dionici 222. Pozivamo sve u\u010denike tre\u0107ih i \u010detvrtih razreda koji razmi\u0161ljaju [&hellip;]<\/p>\n","protected":false},"author":6,"featured_media":0,"comment_status":"closed","ping_status":"closed","sticky":false,"template":"","format":"standard","meta":{"_et_pb_use_builder":"","_et_pb_old_content":"","_et_gb_content_width":"","footnotes":""},"categories":[11],"tags":[],"class_list":["post-4517","post","type-post","status-publish","format-standard","hentry","category-najave"],"_links":{"self":[{"href":"https:\/\/prva.hr\/index.php\/wp-json\/wp\/v2\/posts\/4517","targetHints":{"allow":["GET"]}}],"collection":[{"href":"https:\/\/prva.hr\/index.php\/wp-json\/wp\/v2\/posts"}],"about":[{"href":"https:\/\/prva.hr\/index.php\/wp-json\/wp\/v2\/types\/post"}],"author":[{"embeddable":true,"href":"https:\/\/prva.hr\/index.php\/wp-json\/wp\/v2\/users\/6"}],"replies":[{"embeddable":true,"href":"https:\/\/prva.hr\/index.php\/wp-json\/wp\/v2\/comments?post=4517"}],"version-history":[{"count":1,"href":"https:\/\/prva.hr\/index.php\/wp-json\/wp\/v2\/posts\/4517\/revisions"}],"predecessor-version":[{"id":4518,"href":"https:\/\/prva.hr\/index.php\/wp-json\/wp\/v2\/posts\/4517\/revisions\/4518"}],"wp:attachment":[{"href":"https:\/\/prva.hr\/index.php\/wp-json\/wp\/v2\/media?parent=4517"}],"wp:term":[{"taxonomy":"category","embeddable":true,"href":"https:\/\/prva.hr\/index.php\/wp-json\/wp\/v2\/categories?post=4517"},{"taxonomy":"post_tag","embeddable":true,"href":"https:\/\/prva.hr\/index.php\/wp-json\/wp\/v2\/tags?post=4517"}],"curies":[{"name":"wp","href":"https:\/\/api.w.org\/{rel}","templated":true}]}}