{"id":4709,"date":"2019-02-04T08:48:00","date_gmt":"2019-02-04T07:48:00","guid":{"rendered":"http:\/\/www.prva.hr\/?p=4709"},"modified":"2019-02-04T08:48:00","modified_gmt":"2019-02-04T07:48:00","slug":"medurazredno-odbojkasko-prvenstvo-skole","status":"publish","type":"post","link":"https:\/\/prva.hr\/index.php\/2019\/02\/04\/medurazredno-odbojkasko-prvenstvo-skole\/","title":{"rendered":"Me\u0111urazredno odbojka\u0161ko prvenstvo \u0161kole"},"content":{"rendered":"<p>Gotovo sigurni smo bili da pro\u0161logodi\u0161nje prvenstvo ne mo\u017ee biti nadma\u0161eno &#8211; ni u broju ekipa ni u kvaliteti igre. No, upravo se to dogodilo!<\/p>\n<p>\u010cak 29 ekipa krenulo je u ovo prvenstvo. Samo 3 razreda se nisu prijavila, a ve\u0107ina je prijavila 2 ekipe. Kroz 4 kruga i 73 utakmice u borbi za medalje su ostale 4 ekipe\u00a0 \u2013 1.a, 1.e, 2.b i 4.a.<\/p>\n<p>Na zavr\u0161nom turniru najprije su za 3. mjesto odigrali 2.b i 4.a. Utakmica nam je ponudila pravu \u0161kolsku odbojku, krasnu suradnju me\u0111u igra\u010dima, te uzbudljivu zavr\u0161nicu u 3. setu. Na kraju pobjedu je odnio 4.a uz veliko veselje \u2013 lijepo je u 4. razredu pospremiti ovaj vrijedni trofej i uspomenu. \u010cestitke i velike pohvale za njihovu igru iz koje se i\u0161\u010ditava koliko dobro funkcioniraju kao razred.<\/p>\n<p>Utakmica za naslov prvaka ponudila nam je posebnu pri\u010du. Do\u0161li su tu neki \u201eklinci\u201c, prva\u0161i, predobri da bi ih itko zaustavio na putu do medalje. 1.a (jedina \u010dista \u017eenska ekipa) i 1.e pokazali su nam svu ljepotu odbojka\u0161kog sporta \u2013 izgaranje za svaku loptu, timski rad, izra\u0111ene napade, kolektivnu obranu. Bio je to vrhunski spektakl koji je odlu\u010den u 3. setu nakon velikih uzbu\u0111enja, a sve popra\u0107eno gromoglasnim navijanjem. \u00a0Na kraju pobijedila je ekipa 1.a, ali obje ekipe trebaju biti ponosne na ovaj sportski uspjeh. I mi smo ponosni na njih, i sretni \u0161to su nam se upisali u Prvu.<\/p>\n<p>Na kraju turnira proglasili smo i najbolje igra\u010de \u0161to je bio te\u017eak zadatak. Naime, toliko je bilo sjajnih pojedinaca da je na\u0161 mali \u201e\u017eiri\u201c dugo vije\u0107ao. Ipak smo se slo\u017eili da su se istaknuli Dorija Pand\u017ea (1.a) i Borna Zeli\u0107 (1.e). Njih dvoje su pokazali kako se \u201egine\u201c za ekipu i za svaki poen. Vrhunski su to mladi ljudi, koji utjelovljuju ono najbolje, i igra\u010dki i ljudski. Uzor za sve.<\/p>\n<p>\u010cestitke najboljima, ali i svima ostalima koji su igrali i pokazali da Prva voli (zapravo obo\u017eava!) odbojku. Vidimo se dogodine.<\/p>\n<p style=\"text-align: right;\">Meri Matu\u0161an, prof.<\/p>\n<p>&nbsp;<\/p>\n<div id=\"attachment_4711\" style=\"width: 310px\" class=\"wp-caption aligncenter\"><img decoding=\"async\" aria-describedby=\"caption-attachment-4711\" class=\"wp-image-4711 size-medium lazyload\" data-src=\"https:\/\/www.prva.hr\/wp-content\/uploads\/2019\/02\/IMG_20190130_161154-300x225.jpg\" alt=\"\" width=\"300\" height=\"225\" data-srcset=\"https:\/\/prva.hr\/wp-content\/uploads\/2019\/02\/IMG_20190130_161154-300x225.jpg 300w, https:\/\/prva.hr\/wp-content\/uploads\/2019\/02\/IMG_20190130_161154-768x576.jpg 768w, https:\/\/prva.hr\/wp-content\/uploads\/2019\/02\/IMG_20190130_161154-1024x768.jpg 1024w, https:\/\/prva.hr\/wp-content\/uploads\/2019\/02\/IMG_20190130_161154-400x300.jpg 400w\" data-sizes=\"(max-width: 300px) 100vw, 300px\" src=\"data:image\/svg+xml;base64,PHN2ZyB3aWR0aD0iMSIgaGVpZ2h0PSIxIiB4bWxucz0iaHR0cDovL3d3dy53My5vcmcvMjAwMC9zdmciPjwvc3ZnPg==\" style=\"--smush-placeholder-width: 300px; --smush-placeholder-aspect-ratio: 300\/225;\" \/><p id=\"caption-attachment-4711\" class=\"wp-caption-text\">\u00a0 \u00a0 \u00a0 \u00a0 \u00a0 \u00a0 \u00a0 \u00a0 \u00a0 \u00a0 \u00a0 Svi osvaja\u010di medalja<\/p><\/div>\n<p>&nbsp;<\/p>\n<div id=\"attachment_4710\" style=\"width: 310px\" class=\"wp-caption aligncenter\"><img decoding=\"async\" aria-describedby=\"caption-attachment-4710\" class=\"wp-image-4710 size-medium lazyload\" data-src=\"https:\/\/www.prva.hr\/wp-content\/uploads\/2019\/02\/IMG_20190130_152055-300x225.jpg\" alt=\"\" width=\"300\" height=\"225\" data-srcset=\"https:\/\/prva.hr\/wp-content\/uploads\/2019\/02\/IMG_20190130_152055-300x225.jpg 300w, https:\/\/prva.hr\/wp-content\/uploads\/2019\/02\/IMG_20190130_152055-768x576.jpg 768w, https:\/\/prva.hr\/wp-content\/uploads\/2019\/02\/IMG_20190130_152055-1024x768.jpg 1024w, https:\/\/prva.hr\/wp-content\/uploads\/2019\/02\/IMG_20190130_152055-400x300.jpg 400w\" data-sizes=\"(max-width: 300px) 100vw, 300px\" src=\"data:image\/svg+xml;base64,PHN2ZyB3aWR0aD0iMSIgaGVpZ2h0PSIxIiB4bWxucz0iaHR0cDovL3d3dy53My5vcmcvMjAwMC9zdmciPjwvc3ZnPg==\" style=\"--smush-placeholder-width: 300px; --smush-placeholder-aspect-ratio: 300\/225;\" \/><p id=\"caption-attachment-4710\" class=\"wp-caption-text\">\u00a0 \u00a0 \u00a0 \u00a0 \u00a0 \u00a0 Nitko ih ne mo\u017ee pobijediti \u2013 1.a<\/p><\/div>\n<p>&nbsp;<\/p>\n","protected":false},"excerpt":{"rendered":"<p>Gotovo sigurni smo bili da pro\u0161logodi\u0161nje prvenstvo ne mo\u017ee biti nadma\u0161eno &#8211; ni u broju ekipa ni u kvaliteti igre. No, upravo se to dogodilo! \u010cak 29 ekipa krenulo je u ovo prvenstvo. Samo 3 razreda se nisu prijavila, a ve\u0107ina je prijavila 2 ekipe. Kroz 4 kruga i 73 utakmice u borbi za medalje [&hellip;]<\/p>\n","protected":false},"author":7,"featured_media":0,"comment_status":"closed","ping_status":"closed","sticky":false,"template":"","format":"standard","meta":{"_et_pb_use_builder":"","_et_pb_old_content":"","_et_gb_content_width":"","footnotes":""},"categories":[48,6],"tags":[],"class_list":["post-4709","post","type-post","status-publish","format-standard","hentry","category-aktivnosti-izvannastavne-aktivnosti-ssd-prva","category-aktualna-dogadanja"],"_links":{"self":[{"href":"https:\/\/prva.hr\/index.php\/wp-json\/wp\/v2\/posts\/4709","targetHints":{"allow":["GET"]}}],"collection":[{"href":"https:\/\/prva.hr\/index.php\/wp-json\/wp\/v2\/posts"}],"about":[{"href":"https:\/\/prva.hr\/index.php\/wp-json\/wp\/v2\/types\/post"}],"author":[{"embeddable":true,"href":"https:\/\/prva.hr\/index.php\/wp-json\/wp\/v2\/users\/7"}],"replies":[{"embeddable":true,"href":"https:\/\/prva.hr\/index.php\/wp-json\/wp\/v2\/comments?post=4709"}],"version-history":[{"count":1,"href":"https:\/\/prva.hr\/index.php\/wp-json\/wp\/v2\/posts\/4709\/revisions"}],"predecessor-version":[{"id":4712,"href":"https:\/\/prva.hr\/index.php\/wp-json\/wp\/v2\/posts\/4709\/revisions\/4712"}],"wp:attachment":[{"href":"https:\/\/prva.hr\/index.php\/wp-json\/wp\/v2\/media?parent=4709"}],"wp:term":[{"taxonomy":"category","embeddable":true,"href":"https:\/\/prva.hr\/index.php\/wp-json\/wp\/v2\/categories?post=4709"},{"taxonomy":"post_tag","embeddable":true,"href":"https:\/\/prva.hr\/index.php\/wp-json\/wp\/v2\/tags?post=4709"}],"curies":[{"name":"wp","href":"https:\/\/api.w.org\/{rel}","templated":true}]}}