{"id":4713,"date":"2019-02-04T08:55:42","date_gmt":"2019-02-04T07:55:42","guid":{"rendered":"http:\/\/www.prva.hr\/?p=4713"},"modified":"2019-02-04T08:56:13","modified_gmt":"2019-02-04T07:56:13","slug":"dan-otvorenih-vrata-fakulteta-organizacije-i-informatike-varazdina","status":"publish","type":"post","link":"https:\/\/prva.hr\/index.php\/2019\/02\/04\/dan-otvorenih-vrata-fakulteta-organizacije-i-informatike-varazdina\/","title":{"rendered":"Dan otvorenih vrata Fakulteta organizacije i informatike Vara\u017edina"},"content":{"rendered":"<p>Pozivaju se u\u010denici na\u00a0<strong>Dan otvorenih vrata Fakulteta organizacije i informatike Vara\u017edin<\/strong>, koji \u0107e se odr\u017eati\u00a0<strong>09. travnja 2019. godine na adresi FOI 1<\/strong>, Pavlinska 2, 42 000 Vara\u017edin.<\/p>\n<p>Letak o doga\u0111anju mo\u017eete pogledati <a href=\"https:\/\/www.prva.hr\/wp-content\/uploads\/2019\/02\/DOV-letak-2019.pdf\">ovdje<\/a><\/p>\n","protected":false},"excerpt":{"rendered":"<p>Pozivaju se u\u010denici na\u00a0Dan otvorenih vrata Fakulteta organizacije i informatike Vara\u017edin, koji \u0107e se odr\u017eati\u00a009. travnja 2019. godine na adresi FOI 1, Pavlinska 2, 42 000 Vara\u017edin. Letak o doga\u0111anju mo\u017eete pogledati ovdje<\/p>\n","protected":false},"author":7,"featured_media":0,"comment_status":"closed","ping_status":"closed","sticky":false,"template":"","format":"standard","meta":{"_et_pb_use_builder":"","_et_pb_old_content":"","_et_gb_content_width":"","footnotes":""},"categories":[14],"tags":[],"class_list":["post-4713","post","type-post","status-publish","format-standard","hentry","category-dogadanja-izvan-skole"],"_links":{"self":[{"href":"https:\/\/prva.hr\/index.php\/wp-json\/wp\/v2\/posts\/4713","targetHints":{"allow":["GET"]}}],"collection":[{"href":"https:\/\/prva.hr\/index.php\/wp-json\/wp\/v2\/posts"}],"about":[{"href":"https:\/\/prva.hr\/index.php\/wp-json\/wp\/v2\/types\/post"}],"author":[{"embeddable":true,"href":"https:\/\/prva.hr\/index.php\/wp-json\/wp\/v2\/users\/7"}],"replies":[{"embeddable":true,"href":"https:\/\/prva.hr\/index.php\/wp-json\/wp\/v2\/comments?post=4713"}],"version-history":[{"count":1,"href":"https:\/\/prva.hr\/index.php\/wp-json\/wp\/v2\/posts\/4713\/revisions"}],"predecessor-version":[{"id":4715,"href":"https:\/\/prva.hr\/index.php\/wp-json\/wp\/v2\/posts\/4713\/revisions\/4715"}],"wp:attachment":[{"href":"https:\/\/prva.hr\/index.php\/wp-json\/wp\/v2\/media?parent=4713"}],"wp:term":[{"taxonomy":"category","embeddable":true,"href":"https:\/\/prva.hr\/index.php\/wp-json\/wp\/v2\/categories?post=4713"},{"taxonomy":"post_tag","embeddable":true,"href":"https:\/\/prva.hr\/index.php\/wp-json\/wp\/v2\/tags?post=4713"}],"curies":[{"name":"wp","href":"https:\/\/api.w.org\/{rel}","templated":true}]}}