{"id":4758,"date":"2019-02-07T12:52:03","date_gmt":"2019-02-07T11:52:03","guid":{"rendered":"http:\/\/www.prva.hr\/?p=4758"},"modified":"2019-02-07T12:52:03","modified_gmt":"2019-02-07T11:52:03","slug":"dan-otvorenih-vrata-fakulteta-organizacije-i-informatike-foi","status":"publish","type":"post","link":"https:\/\/prva.hr\/index.php\/2019\/02\/07\/dan-otvorenih-vrata-fakulteta-organizacije-i-informatike-foi\/","title":{"rendered":"Dan otvorenih vrata Fakulteta organizacije i informatike (FOI)"},"content":{"rendered":"<p>Dan otvorenih vrata Fakulteta organizacije i informatike Sveu\u010dili\u0161ta u Zagrebu odr\u017eat \u0107e se u utorak, 9. travnja 2019. godine. Vrata Fakulteta bit \u0107e otvorena svim zainteresiranim posjetiteljima od 10:00 do 13:00 sati.<\/p>\n<p>Predstavit \u0107e se dva glavna smjera na FOI-ju, a to su Informacijski i poslovni sustavi te Ekonomika poduzetni\u0161tva. U\u010denici \u0107e se mo\u0107i upoznati s aktivnostima udruge studenata &#8211; Studenski zbor i Business Club @FOI.<\/p>\n","protected":false},"excerpt":{"rendered":"<p>Dan otvorenih vrata Fakulteta organizacije i informatike Sveu\u010dili\u0161ta u Zagrebu odr\u017eat \u0107e se u utorak, 9. travnja 2019. godine. Vrata Fakulteta bit \u0107e otvorena svim zainteresiranim posjetiteljima od 10:00 do 13:00 sati. Predstavit \u0107e se dva glavna smjera na FOI-ju, a to su Informacijski i poslovni sustavi te Ekonomika poduzetni\u0161tva. U\u010denici \u0107e se mo\u0107i upoznati [&hellip;]<\/p>\n","protected":false},"author":7,"featured_media":0,"comment_status":"closed","ping_status":"closed","sticky":false,"template":"","format":"standard","meta":{"_et_pb_use_builder":"","_et_pb_old_content":"","_et_gb_content_width":"","footnotes":""},"categories":[14,51],"tags":[],"class_list":["post-4758","post","type-post","status-publish","format-standard","hentry","category-dogadanja-izvan-skole","category-profesionalna-orijentacija"],"_links":{"self":[{"href":"https:\/\/prva.hr\/index.php\/wp-json\/wp\/v2\/posts\/4758","targetHints":{"allow":["GET"]}}],"collection":[{"href":"https:\/\/prva.hr\/index.php\/wp-json\/wp\/v2\/posts"}],"about":[{"href":"https:\/\/prva.hr\/index.php\/wp-json\/wp\/v2\/types\/post"}],"author":[{"embeddable":true,"href":"https:\/\/prva.hr\/index.php\/wp-json\/wp\/v2\/users\/7"}],"replies":[{"embeddable":true,"href":"https:\/\/prva.hr\/index.php\/wp-json\/wp\/v2\/comments?post=4758"}],"version-history":[{"count":1,"href":"https:\/\/prva.hr\/index.php\/wp-json\/wp\/v2\/posts\/4758\/revisions"}],"predecessor-version":[{"id":4759,"href":"https:\/\/prva.hr\/index.php\/wp-json\/wp\/v2\/posts\/4758\/revisions\/4759"}],"wp:attachment":[{"href":"https:\/\/prva.hr\/index.php\/wp-json\/wp\/v2\/media?parent=4758"}],"wp:term":[{"taxonomy":"category","embeddable":true,"href":"https:\/\/prva.hr\/index.php\/wp-json\/wp\/v2\/categories?post=4758"},{"taxonomy":"post_tag","embeddable":true,"href":"https:\/\/prva.hr\/index.php\/wp-json\/wp\/v2\/tags?post=4758"}],"curies":[{"name":"wp","href":"https:\/\/api.w.org\/{rel}","templated":true}]}}