{"id":4819,"date":"2019-02-15T12:19:21","date_gmt":"2019-02-15T11:19:21","guid":{"rendered":"http:\/\/www.prva.hr\/?p=4819"},"modified":"2019-02-18T08:00:09","modified_gmt":"2019-02-18T07:00:09","slug":"posjet-prvoj-gimnaziji-maribor-u-sklopu-projekta-stem-na-kvadrat","status":"publish","type":"post","link":"https:\/\/prva.hr\/index.php\/2019\/02\/15\/posjet-prvoj-gimnaziji-maribor-u-sklopu-projekta-stem-na-kvadrat\/","title":{"rendered":"Posjet Prvoj gimnaziji Maribor u sklopu projekta &#8220;STEM na kvadrat&#8221;"},"content":{"rendered":"<p><a href=\"http:\/\/www.prva.hr\/index.php\/2019\/02\/15\/posjet-prvoj-gimnaziji-maribor-u-sklopu-projekta-stem-na-kvadrat\/picture1-2\/\" rel=\"attachment wp-att-4835\"><img decoding=\"async\" class=\"alignnone size-medium wp-image-4835 lazyload\" data-src=\"https:\/\/www.prva.hr\/wp-content\/uploads\/2019\/02\/Picture1-275x300.png\" alt=\"\" width=\"275\" height=\"300\" data-srcset=\"https:\/\/prva.hr\/wp-content\/uploads\/2019\/02\/Picture1-275x300.png 275w, https:\/\/prva.hr\/wp-content\/uploads\/2019\/02\/Picture1.png 503w\" data-sizes=\"(max-width: 275px) 100vw, 275px\" src=\"data:image\/svg+xml;base64,PHN2ZyB3aWR0aD0iMSIgaGVpZ2h0PSIxIiB4bWxucz0iaHR0cDovL3d3dy53My5vcmcvMjAwMC9zdmciPjwvc3ZnPg==\" style=\"--smush-placeholder-width: 275px; --smush-placeholder-aspect-ratio: 275\/300;\" \/><\/a><a href=\"http:\/\/www.prva.hr\/index.php\/2019\/02\/15\/posjet-prvoj-gimnaziji-maribor-u-sklopu-projekta-stem-na-kvadrat\/picture2-3\/\" rel=\"attachment wp-att-4838\"><img decoding=\"async\" class=\"alignnone size-medium wp-image-4838 lazyload\" data-src=\"https:\/\/www.prva.hr\/wp-content\/uploads\/2019\/02\/Picture2-2-300x300.jpg\" alt=\"\" width=\"300\" height=\"300\" data-srcset=\"https:\/\/prva.hr\/wp-content\/uploads\/2019\/02\/Picture2-2-300x300.jpg 300w, https:\/\/prva.hr\/wp-content\/uploads\/2019\/02\/Picture2-2-150x150.jpg 150w, https:\/\/prva.hr\/wp-content\/uploads\/2019\/02\/Picture2-2.jpg 720w\" data-sizes=\"(max-width: 300px) 100vw, 300px\" src=\"data:image\/svg+xml;base64,PHN2ZyB3aWR0aD0iMSIgaGVpZ2h0PSIxIiB4bWxucz0iaHR0cDovL3d3dy53My5vcmcvMjAwMC9zdmciPjwvc3ZnPg==\" style=\"--smush-placeholder-width: 300px; --smush-placeholder-aspect-ratio: 300\/300;\" \/><\/a><\/p>\n<p>U tjednu od 1. do 5. listopada 2018. godine profesorica kemije Snje\u017eana Liber i profesorica biologije Ivana Gambiro\u017ea posjetile su Prvu gimnaziju Maribor te postale dio njezinog kolektiva. Ovaj posjet odr\u017ean je u okviru projekta &#8220;STEM na kvadrat&#8221; koji je dio programa mobilnosti ERASMUS+ KA 1 (job shadowing), a koji za cilj ima razvijanje nastave iz STEM podru\u010dja u I. gimnazije.<\/p>\n<p>Profesorice su tijekom ovog posjeta aktivno sudjelovale u nastavi biologije i kemije, laboratorijskim vje\u017ebama, na sastancima stru\u010dnih vije\u0107a, kao i sjednici Nastavni\u010dkog vije\u0107a te stru\u010dnoj ekskurziji maturantske skupine. Ovo vrijedno iskustvo i novoste\u010dena znanja \u0107e ve\u0107 od ove \u0161kolske godine implementirati u svoju nastavu.<\/p>\n<p>&nbsp;<\/p>\n<p><a href=\"http:\/\/www.prva.hr\/index.php\/2019\/02\/15\/posjet-prvoj-gimnaziji-maribor-u-sklopu-projekta-stem-na-kvadrat\/logosbeneficaireserasmusright_hr\/\" rel=\"attachment wp-att-4840\"><img decoding=\"async\" class=\"alignnone size-medium wp-image-4840 lazyload\" data-src=\"https:\/\/www.prva.hr\/wp-content\/uploads\/2019\/02\/logosbeneficaireserasmusright_hr-300x62.jpg\" alt=\"\" width=\"300\" height=\"62\" data-srcset=\"https:\/\/prva.hr\/wp-content\/uploads\/2019\/02\/logosbeneficaireserasmusright_hr-300x62.jpg 300w, https:\/\/prva.hr\/wp-content\/uploads\/2019\/02\/logosbeneficaireserasmusright_hr-768x158.jpg 768w, https:\/\/prva.hr\/wp-content\/uploads\/2019\/02\/logosbeneficaireserasmusright_hr-1024x210.jpg 1024w, https:\/\/prva.hr\/wp-content\/uploads\/2019\/02\/logosbeneficaireserasmusright_hr-400x82.jpg 400w\" data-sizes=\"(max-width: 300px) 100vw, 300px\" src=\"data:image\/svg+xml;base64,PHN2ZyB3aWR0aD0iMSIgaGVpZ2h0PSIxIiB4bWxucz0iaHR0cDovL3d3dy53My5vcmcvMjAwMC9zdmciPjwvc3ZnPg==\" style=\"--smush-placeholder-width: 300px; --smush-placeholder-aspect-ratio: 300\/62;\" \/><\/a><\/p>\n<p>&nbsp;<\/p>\n<p>Vi\u0161e o programu ERASMUS+ mo\u017eete pro\u010ditati <a href=\"https:\/\/www.prva.hr\/wp-content\/uploads\/2019\/02\/Erasmus-bro\u0161ura.pdf\">ovdje<\/a>.<\/p>\n","protected":false},"excerpt":{"rendered":"<p>U tjednu od 1. do 5. listopada 2018. godine profesorica kemije Snje\u017eana Liber i profesorica biologije Ivana Gambiro\u017ea posjetile su Prvu gimnaziju Maribor te postale dio njezinog kolektiva. Ovaj posjet odr\u017ean je u okviru projekta &#8220;STEM na kvadrat&#8221; koji je dio programa mobilnosti ERASMUS+ KA 1 (job shadowing), a koji za cilj ima razvijanje nastave [&hellip;]<\/p>\n","protected":false},"author":6,"featured_media":4834,"comment_status":"closed","ping_status":"closed","sticky":false,"template":"","format":"standard","meta":{"_et_pb_use_builder":"","_et_pb_old_content":"","_et_gb_content_width":"","footnotes":""},"categories":[66],"tags":[],"class_list":["post-4819","post","type-post","status-publish","format-standard","has-post-thumbnail","hentry","category-aktivnosti-projekti-erasmus"],"_links":{"self":[{"href":"https:\/\/prva.hr\/index.php\/wp-json\/wp\/v2\/posts\/4819","targetHints":{"allow":["GET"]}}],"collection":[{"href":"https:\/\/prva.hr\/index.php\/wp-json\/wp\/v2\/posts"}],"about":[{"href":"https:\/\/prva.hr\/index.php\/wp-json\/wp\/v2\/types\/post"}],"author":[{"embeddable":true,"href":"https:\/\/prva.hr\/index.php\/wp-json\/wp\/v2\/users\/6"}],"replies":[{"embeddable":true,"href":"https:\/\/prva.hr\/index.php\/wp-json\/wp\/v2\/comments?post=4819"}],"version-history":[{"count":6,"href":"https:\/\/prva.hr\/index.php\/wp-json\/wp\/v2\/posts\/4819\/revisions"}],"predecessor-version":[{"id":4841,"href":"https:\/\/prva.hr\/index.php\/wp-json\/wp\/v2\/posts\/4819\/revisions\/4841"}],"wp:featuredmedia":[{"embeddable":true,"href":"https:\/\/prva.hr\/index.php\/wp-json\/wp\/v2\/media\/4834"}],"wp:attachment":[{"href":"https:\/\/prva.hr\/index.php\/wp-json\/wp\/v2\/media?parent=4819"}],"wp:term":[{"taxonomy":"category","embeddable":true,"href":"https:\/\/prva.hr\/index.php\/wp-json\/wp\/v2\/categories?post=4819"},{"taxonomy":"post_tag","embeddable":true,"href":"https:\/\/prva.hr\/index.php\/wp-json\/wp\/v2\/tags?post=4819"}],"curies":[{"name":"wp","href":"https:\/\/api.w.org\/{rel}","templated":true}]}}