{"id":4933,"date":"2019-02-28T08:29:15","date_gmt":"2019-02-28T07:29:15","guid":{"rendered":"http:\/\/www.prva.hr\/?p=4933"},"modified":"2019-02-28T08:29:15","modified_gmt":"2019-02-28T07:29:15","slug":"obiljezavanje-dana-ruzicastih-majica-nacionalnog-dana-borbe-protiv-vrsnjackog-nasilja","status":"publish","type":"post","link":"https:\/\/prva.hr\/index.php\/2019\/02\/28\/obiljezavanje-dana-ruzicastih-majica-nacionalnog-dana-borbe-protiv-vrsnjackog-nasilja\/","title":{"rendered":"Obilje\u017eavanje Dana Ru\u017ei\u010dastih majica- Nacionalnog dana borbe protiv vr\u0161nja\u010dkog nasilja"},"content":{"rendered":"<p>Portal Srednja.hr popratio je obilje\u017eavanje Dana ru\u017ei\u010dastih majica u \u0161kolama diljem Hrvatske, me\u0111u njima je i na\u0161a \u0161kola koja je imala kratki program tijekom velikog odmora.<\/p>\n<p>Cijeli \u010dlanak mo\u017eete pro\u010ditati <a href=\"https:\/\/srednja.hr\/zbornica\/nastava\/skole-diljem-hrvatske-danas-bile-obojene-ruzicasto-pogledajte-to-izgledalo\/\">ovdje<\/a><\/p>\n<p>&nbsp;<\/p>\n<p>&nbsp;<\/p>\n<p><img decoding=\"async\" class=\"size-medium wp-image-4934 aligncenter lazyload\" data-src=\"https:\/\/www.prva.hr\/wp-content\/uploads\/2019\/02\/PSX_20190227_114917-300x225.jpg\" alt=\"\" width=\"300\" height=\"225\" data-srcset=\"https:\/\/prva.hr\/wp-content\/uploads\/2019\/02\/PSX_20190227_114917-300x225.jpg 300w, https:\/\/prva.hr\/wp-content\/uploads\/2019\/02\/PSX_20190227_114917-768x576.jpg 768w, https:\/\/prva.hr\/wp-content\/uploads\/2019\/02\/PSX_20190227_114917-1024x768.jpg 1024w, https:\/\/prva.hr\/wp-content\/uploads\/2019\/02\/PSX_20190227_114917-400x300.jpg 400w, https:\/\/prva.hr\/wp-content\/uploads\/2019\/02\/PSX_20190227_114917.jpg 1440w\" data-sizes=\"(max-width: 300px) 100vw, 300px\" src=\"data:image\/svg+xml;base64,PHN2ZyB3aWR0aD0iMSIgaGVpZ2h0PSIxIiB4bWxucz0iaHR0cDovL3d3dy53My5vcmcvMjAwMC9zdmciPjwvc3ZnPg==\" style=\"--smush-placeholder-width: 300px; --smush-placeholder-aspect-ratio: 300\/225;\" \/><\/p>\n","protected":false},"excerpt":{"rendered":"<p>Portal Srednja.hr popratio je obilje\u017eavanje Dana ru\u017ei\u010dastih majica u \u0161kolama diljem Hrvatske, me\u0111u njima je i na\u0161a \u0161kola koja je imala kratki program tijekom velikog odmora. Cijeli \u010dlanak mo\u017eete pro\u010ditati ovdje &nbsp; &nbsp;<\/p>\n","protected":false},"author":7,"featured_media":0,"comment_status":"closed","ping_status":"closed","sticky":false,"template":"","format":"standard","meta":{"_et_pb_use_builder":"","_et_pb_old_content":"","_et_gb_content_width":"","footnotes":""},"categories":[52],"tags":[],"class_list":["post-4933","post","type-post","status-publish","format-standard","hentry","category-mediji-skola-u-medijima"],"_links":{"self":[{"href":"https:\/\/prva.hr\/index.php\/wp-json\/wp\/v2\/posts\/4933","targetHints":{"allow":["GET"]}}],"collection":[{"href":"https:\/\/prva.hr\/index.php\/wp-json\/wp\/v2\/posts"}],"about":[{"href":"https:\/\/prva.hr\/index.php\/wp-json\/wp\/v2\/types\/post"}],"author":[{"embeddable":true,"href":"https:\/\/prva.hr\/index.php\/wp-json\/wp\/v2\/users\/7"}],"replies":[{"embeddable":true,"href":"https:\/\/prva.hr\/index.php\/wp-json\/wp\/v2\/comments?post=4933"}],"version-history":[{"count":1,"href":"https:\/\/prva.hr\/index.php\/wp-json\/wp\/v2\/posts\/4933\/revisions"}],"predecessor-version":[{"id":4935,"href":"https:\/\/prva.hr\/index.php\/wp-json\/wp\/v2\/posts\/4933\/revisions\/4935"}],"wp:attachment":[{"href":"https:\/\/prva.hr\/index.php\/wp-json\/wp\/v2\/media?parent=4933"}],"wp:term":[{"taxonomy":"category","embeddable":true,"href":"https:\/\/prva.hr\/index.php\/wp-json\/wp\/v2\/categories?post=4933"},{"taxonomy":"post_tag","embeddable":true,"href":"https:\/\/prva.hr\/index.php\/wp-json\/wp\/v2\/tags?post=4933"}],"curies":[{"name":"wp","href":"https:\/\/api.w.org\/{rel}","templated":true}]}}