{"id":4990,"date":"2019-03-08T08:29:23","date_gmt":"2019-03-08T07:29:23","guid":{"rendered":"http:\/\/www.prva.hr\/?p=4990"},"modified":"2025-12-04T09:46:23","modified_gmt":"2025-12-04T08:46:23","slug":"najava-drugog-posjeta-prvoj-gimnaziji-maribor-u-sklopu-projekta-stem-na-kvadrat","status":"publish","type":"post","link":"https:\/\/prva.hr\/index.php\/2019\/03\/08\/najava-drugog-posjeta-prvoj-gimnaziji-maribor-u-sklopu-projekta-stem-na-kvadrat\/","title":{"rendered":"Najava drugog posjeta Prvoj gimnaziji Maribor u sklopu projekta \u201cSTEM na kvadrat\u201d"},"content":{"rendered":"<p style=\"text-align: justify; background: white; margin: 0cm 0cm 11.25pt 0cm;\"><span style=\"font-size: 10.5pt; font-family: 'Arial',sans-serif; color: #727272;\">Profesorica kemije Snje\u017eana Liber i profesorica biologije Ivana Gambiro\u017ea \u0107e u razdoblju od 11. do 13. o\u017eujka 2019. ponovno posjetiti Prvu gimnaziju Maribor u okviru projekta \u201cSTEM na kvadrat\u201d kao dijela programa mobilnosti ERASMUS+ KA 1 (job shadowing). <\/span><\/p>\n<p style=\"text-align: justify; background: white; margin: 0cm 0cm 11.25pt 0cm;\"><span style=\"font-size: 10.5pt; font-family: 'Arial',sans-serif; color: #727272;\">Poput prethodnog posjeta mariborskoj I. gimnaziji, realiziranog u listopadu pro\u0161le godine, cilj predstoje\u0107eg posjeta tako\u0111er je razvijanje nastave iz STEM podru\u010dja u na\u0161oj gimnaziji. Stoga \u0107e profesorice u navedenom razdoblju sudjelovati na okruglom stolu koji \u0107e tematizirati razne aspekte nastave STEM podru\u010dja, poput motivacije u\u010denika, koncepte, sadr\u017eaje i evaluaciju ispita dr\u017eavne mature, obrazovne ishode i brojne druge. Nastavnice \u0107e tako\u0111er aktivno sudjelovati u raspravama o sustavu u\u010deni\u010dkih natjecanja iz predmeta STEM podru\u010dja te o mogu\u0107nostima izvo\u0111enja razli\u010ditih eksperimentalnih radova tijekom nastave. Nadalje, predvi\u0111eno je i sudjelovanje profesorica u slovenskoj izvanu\u010dioni\u010dkoj nastavi te analiza i usporedba s na\u010dinom provo\u0111enja iste u hrvatskom kontekstu. <\/span><\/p>\n<p style=\"text-align: justify; background: white; margin: 0cm 0cm 11.25pt 0cm;\"><span style=\"font-size: 10.5pt; font-family: 'Arial',sans-serif; color: #727272;\">Sve predvi\u0111ene aktivnosti doprinijet \u0107e daljnjem usavr\u0161avanju na\u0161ih profesorica i implementaciji ste\u010denih znanja i vje\u0161tina u nastavu STEM podru\u010dja u I. gimnaziji. \u017delimo im puno uspjeha i sretan put!<\/span><\/p>\n<p style=\"text-align: justify; background: white; margin: 0cm 0cm 11.25pt 0cm;\"><span style=\"font-size: 10.5pt; font-family: 'Arial',sans-serif; color: #727272;\">\u00a0<\/span><\/p>\n<p><a href=\"http:\/\/www.prva.hr\/index.php\/2019\/02\/15\/posjet-prvoj-gimnaziji-maribor-u-sklopu-projekta-stem-na-kvadrat\/logosbeneficaireserasmusright_hr\/\" rel=\"attachment wp-att-4840\"><img decoding=\"async\" class=\"alignnone size-medium wp-image-4840 lazyload\" data-src=\"https:\/\/www.prva.hr\/wp-content\/uploads\/2019\/02\/logosbeneficaireserasmusright_hr-300x62.jpg\" alt=\"\" width=\"300\" height=\"62\" data-srcset=\"https:\/\/prva.hr\/wp-content\/uploads\/2019\/02\/logosbeneficaireserasmusright_hr-300x62.jpg 300w, https:\/\/prva.hr\/wp-content\/uploads\/2019\/02\/logosbeneficaireserasmusright_hr-768x158.jpg 768w, https:\/\/prva.hr\/wp-content\/uploads\/2019\/02\/logosbeneficaireserasmusright_hr-1024x210.jpg 1024w, https:\/\/prva.hr\/wp-content\/uploads\/2019\/02\/logosbeneficaireserasmusright_hr-400x82.jpg 400w\" data-sizes=\"(max-width: 300px) 100vw, 300px\" src=\"data:image\/svg+xml;base64,PHN2ZyB3aWR0aD0iMSIgaGVpZ2h0PSIxIiB4bWxucz0iaHR0cDovL3d3dy53My5vcmcvMjAwMC9zdmciPjwvc3ZnPg==\" style=\"--smush-placeholder-width: 300px; --smush-placeholder-aspect-ratio: 300\/62;\" \/><\/a><\/p>\n<p>&nbsp;<\/p>\n<p>Vi\u0161e o programu Erasmus + mo\u017eete pro\u010ditati <a href=\"https:\/\/www.prva.hr\/wp-content\/uploads\/2019\/02\/Erasmus-bro%C5%A1ura.pdf\">ovdje<\/a><\/p>\n","protected":false},"excerpt":{"rendered":"<p>Profesorica kemije Snje\u017eana Liber i profesorica biologije Ivana Gambiro\u017ea \u0107e u razdoblju od 11. do 13. o\u017eujka 2019. ponovno posjetiti Prvu gimnaziju Maribor u okviru projekta \u201cSTEM na kvadrat\u201d kao dijela programa mobilnosti ERASMUS+ KA 1 (job shadowing). Poput prethodnog posjeta mariborskoj I. gimnaziji, realiziranog u listopadu pro\u0161le godine, cilj predstoje\u0107eg posjeta tako\u0111er je razvijanje [&hellip;]<\/p>\n","protected":false},"author":6,"featured_media":0,"comment_status":"closed","ping_status":"closed","sticky":false,"template":"","format":"standard","meta":{"_et_pb_use_builder":"","_et_pb_old_content":"","_et_gb_content_width":"","footnotes":""},"categories":[66,148],"tags":[],"class_list":["post-4990","post","type-post","status-publish","format-standard","hentry","category-aktivnosti-projekti-erasmus","category-erasmus-aktivnosti"],"_links":{"self":[{"href":"https:\/\/prva.hr\/index.php\/wp-json\/wp\/v2\/posts\/4990","targetHints":{"allow":["GET"]}}],"collection":[{"href":"https:\/\/prva.hr\/index.php\/wp-json\/wp\/v2\/posts"}],"about":[{"href":"https:\/\/prva.hr\/index.php\/wp-json\/wp\/v2\/types\/post"}],"author":[{"embeddable":true,"href":"https:\/\/prva.hr\/index.php\/wp-json\/wp\/v2\/users\/6"}],"replies":[{"embeddable":true,"href":"https:\/\/prva.hr\/index.php\/wp-json\/wp\/v2\/comments?post=4990"}],"version-history":[{"count":2,"href":"https:\/\/prva.hr\/index.php\/wp-json\/wp\/v2\/posts\/4990\/revisions"}],"predecessor-version":[{"id":4992,"href":"https:\/\/prva.hr\/index.php\/wp-json\/wp\/v2\/posts\/4990\/revisions\/4992"}],"wp:attachment":[{"href":"https:\/\/prva.hr\/index.php\/wp-json\/wp\/v2\/media?parent=4990"}],"wp:term":[{"taxonomy":"category","embeddable":true,"href":"https:\/\/prva.hr\/index.php\/wp-json\/wp\/v2\/categories?post=4990"},{"taxonomy":"post_tag","embeddable":true,"href":"https:\/\/prva.hr\/index.php\/wp-json\/wp\/v2\/tags?post=4990"}],"curies":[{"name":"wp","href":"https:\/\/api.w.org\/{rel}","templated":true}]}}