{"id":5066,"date":"2019-03-13T10:10:54","date_gmt":"2019-03-13T09:10:54","guid":{"rendered":"http:\/\/www.prva.hr\/?p=5066"},"modified":"2019-03-13T10:10:54","modified_gmt":"2019-03-13T09:10:54","slug":"dan-otvorenih-vrata-sumarskog-fakulteta","status":"publish","type":"post","link":"https:\/\/prva.hr\/index.php\/2019\/03\/13\/dan-otvorenih-vrata-sumarskog-fakulteta\/","title":{"rendered":"Dan otvorenih vrata \u0160umarskog fakulteta"},"content":{"rendered":"<p style=\"font-weight: 400;\"><strong>Dan otvorenih vrata<\/strong>\u00a0na \u0160umarskom fakultetu odr\u017eava se u petak\u00a0<strong>12. travnja 2019.<\/strong><\/p>\n<p style=\"font-weight: 400;\">Kroz mnogobrojne radionice djelatnici i studenti Fakulteta predstaviti \u0107e na zanimljiv na\u010din \u0161umarsku i drvnotehnolo\u0161ku struku te znanstveni i stru\u010dni rad Fakulteta. Zainteresirani posjetitelji mo\u0107i \u0107e obi\u0107i prostore, Zavode i laboratorije Fakulteta, gdje \u0107e im nastavnici, suradnici i studenti odgovarati na postavljene upite.\u00a0Budu\u0107i studenti koji \u017eele odabrati \u0160umarski fakultet za studiranje mo\u0107i \u0107e od studenata Fakulteta dobiti korisne informacije o studentskim aktivnostima, studiju, terenskoj nastavi, ali i mnogim drugim specifi\u010dnostima koje \u0160umarski fakultet \u010dine jedinstvenim.<\/p>\n","protected":false},"excerpt":{"rendered":"<p>Dan otvorenih vrata\u00a0na \u0160umarskom fakultetu odr\u017eava se u petak\u00a012. travnja 2019. Kroz mnogobrojne radionice djelatnici i studenti Fakulteta predstaviti \u0107e na zanimljiv na\u010din \u0161umarsku i drvnotehnolo\u0161ku struku te znanstveni i stru\u010dni rad Fakulteta. Zainteresirani posjetitelji mo\u0107i \u0107e obi\u0107i prostore, Zavode i laboratorije Fakulteta, gdje \u0107e im nastavnici, suradnici i studenti odgovarati na postavljene upite.\u00a0Budu\u0107i studenti [&hellip;]<\/p>\n","protected":false},"author":7,"featured_media":0,"comment_status":"closed","ping_status":"closed","sticky":false,"template":"","format":"standard","meta":{"_et_pb_use_builder":"","_et_pb_old_content":"","_et_gb_content_width":"","footnotes":""},"categories":[14],"tags":[],"class_list":["post-5066","post","type-post","status-publish","format-standard","hentry","category-dogadanja-izvan-skole"],"_links":{"self":[{"href":"https:\/\/prva.hr\/index.php\/wp-json\/wp\/v2\/posts\/5066","targetHints":{"allow":["GET"]}}],"collection":[{"href":"https:\/\/prva.hr\/index.php\/wp-json\/wp\/v2\/posts"}],"about":[{"href":"https:\/\/prva.hr\/index.php\/wp-json\/wp\/v2\/types\/post"}],"author":[{"embeddable":true,"href":"https:\/\/prva.hr\/index.php\/wp-json\/wp\/v2\/users\/7"}],"replies":[{"embeddable":true,"href":"https:\/\/prva.hr\/index.php\/wp-json\/wp\/v2\/comments?post=5066"}],"version-history":[{"count":1,"href":"https:\/\/prva.hr\/index.php\/wp-json\/wp\/v2\/posts\/5066\/revisions"}],"predecessor-version":[{"id":5067,"href":"https:\/\/prva.hr\/index.php\/wp-json\/wp\/v2\/posts\/5066\/revisions\/5067"}],"wp:attachment":[{"href":"https:\/\/prva.hr\/index.php\/wp-json\/wp\/v2\/media?parent=5066"}],"wp:term":[{"taxonomy":"category","embeddable":true,"href":"https:\/\/prva.hr\/index.php\/wp-json\/wp\/v2\/categories?post=5066"},{"taxonomy":"post_tag","embeddable":true,"href":"https:\/\/prva.hr\/index.php\/wp-json\/wp\/v2\/tags?post=5066"}],"curies":[{"name":"wp","href":"https:\/\/api.w.org\/{rel}","templated":true}]}}