{"id":5076,"date":"2019-03-13T11:57:59","date_gmt":"2019-03-13T10:57:59","guid":{"rendered":"http:\/\/www.prva.hr\/?p=5076"},"modified":"2019-03-13T11:57:59","modified_gmt":"2019-03-13T10:57:59","slug":"tjedan-nacionalnih-manjina-u-i-gimnaziji","status":"publish","type":"post","link":"https:\/\/prva.hr\/index.php\/2019\/03\/13\/tjedan-nacionalnih-manjina-u-i-gimnaziji\/","title":{"rendered":"Tjedan nacionalnih manjina u I. gimnaziji"},"content":{"rendered":"<p><a href=\"http:\/\/www.prva.hr\/ucenicki-plakati-na-temu-nacionalnih-manjina\/\"><img decoding=\"async\" class=\"alignnone size-medium wp-image-5079 lazyload\" data-src=\"https:\/\/www.prva.hr\/wp-content\/uploads\/2019\/03\/U\u010deni\u010dki-plakati-na-temu-nacionalnih-manjina-300x225.jpg\" alt=\"\" width=\"300\" height=\"225\" data-srcset=\"https:\/\/prva.hr\/wp-content\/uploads\/2019\/03\/U\u010deni\u010dki-plakati-na-temu-nacionalnih-manjina-300x225.jpg 300w, https:\/\/prva.hr\/wp-content\/uploads\/2019\/03\/U\u010deni\u010dki-plakati-na-temu-nacionalnih-manjina-768x576.jpg 768w, https:\/\/prva.hr\/wp-content\/uploads\/2019\/03\/U\u010deni\u010dki-plakati-na-temu-nacionalnih-manjina-1024x768.jpg 1024w, https:\/\/prva.hr\/wp-content\/uploads\/2019\/03\/U\u010deni\u010dki-plakati-na-temu-nacionalnih-manjina-400x300.jpg 400w\" data-sizes=\"(max-width: 300px) 100vw, 300px\" src=\"data:image\/svg+xml;base64,PHN2ZyB3aWR0aD0iMSIgaGVpZ2h0PSIxIiB4bWxucz0iaHR0cDovL3d3dy53My5vcmcvMjAwMC9zdmciPjwvc3ZnPg==\" style=\"--smush-placeholder-width: 300px; --smush-placeholder-aspect-ratio: 300\/225;\" \/>\u00a0<\/a><a href=\"http:\/\/www.prva.hr\/romska-glazba-u-izvedbi-benda-3-d\/\"><img decoding=\"async\" class=\"alignnone size-medium wp-image-5077 lazyload\" data-src=\"https:\/\/www.prva.hr\/wp-content\/uploads\/2019\/03\/Romska-glazba-u-izvedbi-benda-3.d-300x225.jpg\" alt=\"\" width=\"300\" height=\"225\" data-srcset=\"https:\/\/prva.hr\/wp-content\/uploads\/2019\/03\/Romska-glazba-u-izvedbi-benda-3.d-300x225.jpg 300w, https:\/\/prva.hr\/wp-content\/uploads\/2019\/03\/Romska-glazba-u-izvedbi-benda-3.d-768x576.jpg 768w, https:\/\/prva.hr\/wp-content\/uploads\/2019\/03\/Romska-glazba-u-izvedbi-benda-3.d-1024x768.jpg 1024w, https:\/\/prva.hr\/wp-content\/uploads\/2019\/03\/Romska-glazba-u-izvedbi-benda-3.d-400x300.jpg 400w\" data-sizes=\"(max-width: 300px) 100vw, 300px\" src=\"data:image\/svg+xml;base64,PHN2ZyB3aWR0aD0iMSIgaGVpZ2h0PSIxIiB4bWxucz0iaHR0cDovL3d3dy53My5vcmcvMjAwMC9zdmciPjwvc3ZnPg==\" style=\"--smush-placeholder-width: 300px; --smush-placeholder-aspect-ratio: 300\/225;\" \/><\/a><a href=\"http:\/\/www.prva.hr\/predavanje-tonija-marusica\/\"><img decoding=\"async\" class=\"alignnone size-medium wp-image-5078 lazyload\" data-src=\"https:\/\/www.prva.hr\/wp-content\/uploads\/2019\/03\/Predavanje-Tonija-Maru\u0161i\u0107a-225x300.jpg\" alt=\"\" width=\"225\" height=\"300\" data-srcset=\"https:\/\/prva.hr\/wp-content\/uploads\/2019\/03\/Predavanje-Tonija-Maru\u0161i\u0107a-225x300.jpg 225w, https:\/\/prva.hr\/wp-content\/uploads\/2019\/03\/Predavanje-Tonija-Maru\u0161i\u0107a-768x1024.jpg 768w\" data-sizes=\"(max-width: 225px) 100vw, 225px\" src=\"data:image\/svg+xml;base64,PHN2ZyB3aWR0aD0iMSIgaGVpZ2h0PSIxIiB4bWxucz0iaHR0cDovL3d3dy53My5vcmcvMjAwMC9zdmciPjwvc3ZnPg==\" style=\"--smush-placeholder-width: 225px; --smush-placeholder-aspect-ratio: 225\/300;\" \/><\/a><\/p>\n<p>U tjednu od 18. do 22. velja\u010de 2019. godine obilje\u017eili smo Tjedan nacionalnih manjina u I. gimnaziji. U\u010denici su uz pomo\u0107 profesora izra\u0111ivali plakate na temu doprinosa nacionalnih manjina hrvatskoj znanosti, umjetnosti i sportu, ali i na temu pojedinih nacionalnih manjina u Republici Hrvatskoj.<\/p>\n<p>U srijedu, 20. velja\u010de, u kinodvorani \u0161kole odr\u017eano je predstavljanje u\u010deni\u010dkih plakata, kao i predavanje gospodina Tonija Maru\u0161i\u0107a koji nas je upoznao s romskom nacionalnom manjinom. Ovim su obilje\u017eavanjem u\u010denici I. gimnazije dobili priliku ne samo saznati vi\u0161e o nacionalnim manjina u Republici Hrvatskoj, ve\u0107 i predstaviti nacionalnu manjinu kojoj i sami pripadaju.<\/p>\n","protected":false},"excerpt":{"rendered":"<p>\u00a0 U tjednu od 18. do 22. velja\u010de 2019. godine obilje\u017eili smo Tjedan nacionalnih manjina u I. gimnaziji. U\u010denici su uz pomo\u0107 profesora izra\u0111ivali plakate na temu doprinosa nacionalnih manjina hrvatskoj znanosti, umjetnosti i sportu, ali i na temu pojedinih nacionalnih manjina u Republici Hrvatskoj. U srijedu, 20. velja\u010de, u kinodvorani \u0161kole odr\u017eano je predstavljanje [&hellip;]<\/p>\n","protected":false},"author":6,"featured_media":0,"comment_status":"closed","ping_status":"closed","sticky":false,"template":"","format":"standard","meta":{"_et_pb_use_builder":"","_et_pb_old_content":"","_et_gb_content_width":"","footnotes":""},"categories":[12],"tags":[],"class_list":["post-5076","post","type-post","status-publish","format-standard","hentry","category-osvrti"],"_links":{"self":[{"href":"https:\/\/prva.hr\/index.php\/wp-json\/wp\/v2\/posts\/5076","targetHints":{"allow":["GET"]}}],"collection":[{"href":"https:\/\/prva.hr\/index.php\/wp-json\/wp\/v2\/posts"}],"about":[{"href":"https:\/\/prva.hr\/index.php\/wp-json\/wp\/v2\/types\/post"}],"author":[{"embeddable":true,"href":"https:\/\/prva.hr\/index.php\/wp-json\/wp\/v2\/users\/6"}],"replies":[{"embeddable":true,"href":"https:\/\/prva.hr\/index.php\/wp-json\/wp\/v2\/comments?post=5076"}],"version-history":[{"count":3,"href":"https:\/\/prva.hr\/index.php\/wp-json\/wp\/v2\/posts\/5076\/revisions"}],"predecessor-version":[{"id":5083,"href":"https:\/\/prva.hr\/index.php\/wp-json\/wp\/v2\/posts\/5076\/revisions\/5083"}],"wp:attachment":[{"href":"https:\/\/prva.hr\/index.php\/wp-json\/wp\/v2\/media?parent=5076"}],"wp:term":[{"taxonomy":"category","embeddable":true,"href":"https:\/\/prva.hr\/index.php\/wp-json\/wp\/v2\/categories?post=5076"},{"taxonomy":"post_tag","embeddable":true,"href":"https:\/\/prva.hr\/index.php\/wp-json\/wp\/v2\/tags?post=5076"}],"curies":[{"name":"wp","href":"https:\/\/api.w.org\/{rel}","templated":true}]}}