{"id":5156,"date":"2019-03-19T14:29:42","date_gmt":"2019-03-19T13:29:42","guid":{"rendered":"http:\/\/www.prva.hr\/?p=5156"},"modified":"2019-03-19T14:29:42","modified_gmt":"2019-03-19T13:29:42","slug":"pripreme-za-drzavnu-maturu-matematika-a-razina","status":"publish","type":"post","link":"https:\/\/prva.hr\/index.php\/2019\/03\/19\/pripreme-za-drzavnu-maturu-matematika-a-razina\/","title":{"rendered":"Pripreme za dr\u017eavnu maturu, matematika A razina"},"content":{"rendered":"<p style=\"font-weight: 400;\">Tehni\u010dki fakultet Sveu\u010dili\u0161ta u Rijeci organizira Pripreme za dr\u017eavnu maturu, matematika A razina.<\/p>\n<p style=\"font-weight: 400;\">Ovaj program priprema je besplatan za sve maturante kojima su studiji Tehni\u010dkog fakulteta prvi ili drugi izbor.<\/p>\n<p style=\"font-weight: 400;\">Vi\u0161e detalja o samom programu mo\u017eete prona\u0107i na mre\u017enoj i facebook stranici:<\/p>\n<p style=\"font-weight: 400;\"><a href=\"http:\/\/www.riteh.uniri.hr\/novosti\/pripreme-za-drzavnu-maturu\/\" data-saferedirecturl=\"https:\/\/www.google.com\/url?q=http:\/\/www.riteh.uniri.hr\/novosti\/pripreme-za-drzavnu-maturu\/&amp;source=gmail&amp;ust=1553084320253000&amp;usg=AFQjCNEh9AsvFSMKVvJT2vaepWa1I7k0Yw\">http:\/\/www.riteh.uniri.hr\/novosti\/pripreme-za-drzavnu-maturu\/<\/a><\/p>\n<p style=\"font-weight: 400;\"><a href=\"https:\/\/www.facebook.com\/206613789358010\/photos\/a.206616572691065\/2388304544522246\/?type=3&amp;theater\" data-saferedirecturl=\"https:\/\/www.google.com\/url?q=https:\/\/www.facebook.com\/206613789358010\/photos\/a.206616572691065\/2388304544522246\/?type%3D3%26theater&amp;source=gmail&amp;ust=1553084320253000&amp;usg=AFQjCNFh8J7a7kVPtKCDi61TxLNNqIZqCw\">https:\/\/www.facebook.com\/206613789358010\/photos\/a.206616572691065\/2388304544522246\/?type=3&amp;theater<\/a><\/p>\n","protected":false},"excerpt":{"rendered":"<p>Tehni\u010dki fakultet Sveu\u010dili\u0161ta u Rijeci organizira Pripreme za dr\u017eavnu maturu, matematika A razina. Ovaj program priprema je besplatan za sve maturante kojima su studiji Tehni\u010dkog fakulteta prvi ili drugi izbor. Vi\u0161e detalja o samom programu mo\u017eete prona\u0107i na mre\u017enoj i facebook stranici: http:\/\/www.riteh.uniri.hr\/novosti\/pripreme-za-drzavnu-maturu\/ https:\/\/www.facebook.com\/206613789358010\/photos\/a.206616572691065\/2388304544522246\/?type=3&amp;theater<\/p>\n","protected":false},"author":7,"featured_media":0,"comment_status":"closed","ping_status":"closed","sticky":false,"template":"","format":"standard","meta":{"_et_pb_use_builder":"","_et_pb_old_content":"","_et_gb_content_width":"","footnotes":""},"categories":[14],"tags":[],"class_list":["post-5156","post","type-post","status-publish","format-standard","hentry","category-dogadanja-izvan-skole"],"_links":{"self":[{"href":"https:\/\/prva.hr\/index.php\/wp-json\/wp\/v2\/posts\/5156","targetHints":{"allow":["GET"]}}],"collection":[{"href":"https:\/\/prva.hr\/index.php\/wp-json\/wp\/v2\/posts"}],"about":[{"href":"https:\/\/prva.hr\/index.php\/wp-json\/wp\/v2\/types\/post"}],"author":[{"embeddable":true,"href":"https:\/\/prva.hr\/index.php\/wp-json\/wp\/v2\/users\/7"}],"replies":[{"embeddable":true,"href":"https:\/\/prva.hr\/index.php\/wp-json\/wp\/v2\/comments?post=5156"}],"version-history":[{"count":1,"href":"https:\/\/prva.hr\/index.php\/wp-json\/wp\/v2\/posts\/5156\/revisions"}],"predecessor-version":[{"id":5157,"href":"https:\/\/prva.hr\/index.php\/wp-json\/wp\/v2\/posts\/5156\/revisions\/5157"}],"wp:attachment":[{"href":"https:\/\/prva.hr\/index.php\/wp-json\/wp\/v2\/media?parent=5156"}],"wp:term":[{"taxonomy":"category","embeddable":true,"href":"https:\/\/prva.hr\/index.php\/wp-json\/wp\/v2\/categories?post=5156"},{"taxonomy":"post_tag","embeddable":true,"href":"https:\/\/prva.hr\/index.php\/wp-json\/wp\/v2\/tags?post=5156"}],"curies":[{"name":"wp","href":"https:\/\/api.w.org\/{rel}","templated":true}]}}