{"id":5283,"date":"2019-04-04T07:46:33","date_gmt":"2019-04-04T05:46:33","guid":{"rendered":"http:\/\/www.prva.hr\/?p=5283"},"modified":"2019-04-04T10:12:02","modified_gmt":"2019-04-04T08:12:02","slug":"prvazamilu","status":"publish","type":"post","link":"https:\/\/prva.hr\/index.php\/2019\/04\/04\/prvazamilu\/","title":{"rendered":"#PRVAZAMILU"},"content":{"rendered":"<p>Najdublje nas je dirnula pri\u010da obitelji Ron\u010devi\u0107 \u010dija je dvogodi\u0161nja k\u0107erkica Mila te\u0161ko bolesna. \u010citava se Hrvatska digla na noge da bi sakupila sredstva za njeno lije\u010denje u SAD-u. \u010cinilo se da je iznos nedosti\u017ean. Mo\u017eda, ali ne u Hrvatskoj. U na\u0161oj maloj dr\u017eavi srca su velika. Najve\u0107a. Zato mo\u017eemo dosti\u0107i i nedosti\u017eno.<\/p>\n<p>U prikupljanje sredstava uklju\u010dila se i Prva. U ponedjeljak, u svega jednom odmoru prikupili smo vi\u0161e od 1.900 kn. Sretni smo \u0161to smo pomogli na ovaj na\u010din, a malena Mila zasigurno \u0107e biti u na\u0161im mislima sa \u017eeljama da brzo ozdravi.<\/p>\n<p>&nbsp;<\/p>\n<p style=\"text-align: right;\">Meri Matu\u0161an<\/p>\n<p>&nbsp;<\/p>\n<p><img decoding=\"async\" class=\"alignnone size-medium wp-image-5284 aligncenter lazyload\" data-src=\"https:\/\/www.prva.hr\/wp-content\/uploads\/2019\/04\/IMG_20190403_092427-e1554356750494-300x225.jpg\" alt=\"\" width=\"300\" height=\"225\" data-srcset=\"https:\/\/prva.hr\/wp-content\/uploads\/2019\/04\/IMG_20190403_092427-e1554356750494-300x225.jpg 300w, https:\/\/prva.hr\/wp-content\/uploads\/2019\/04\/IMG_20190403_092427-e1554356750494-768x576.jpg 768w, https:\/\/prva.hr\/wp-content\/uploads\/2019\/04\/IMG_20190403_092427-e1554356750494-1024x768.jpg 1024w, https:\/\/prva.hr\/wp-content\/uploads\/2019\/04\/IMG_20190403_092427-e1554356750494-400x300.jpg 400w, https:\/\/prva.hr\/wp-content\/uploads\/2019\/04\/IMG_20190403_092427-e1554356750494.jpg 1067w\" data-sizes=\"(max-width: 300px) 100vw, 300px\" src=\"data:image\/svg+xml;base64,PHN2ZyB3aWR0aD0iMSIgaGVpZ2h0PSIxIiB4bWxucz0iaHR0cDovL3d3dy53My5vcmcvMjAwMC9zdmciPjwvc3ZnPg==\" style=\"--smush-placeholder-width: 300px; --smush-placeholder-aspect-ratio: 300\/225;\" \/><\/p>\n","protected":false},"excerpt":{"rendered":"<p>Najdublje nas je dirnula pri\u010da obitelji Ron\u010devi\u0107 \u010dija je dvogodi\u0161nja k\u0107erkica Mila te\u0161ko bolesna. \u010citava se Hrvatska digla na noge da bi sakupila sredstva za njeno lije\u010denje u SAD-u. \u010cinilo se da je iznos nedosti\u017ean. Mo\u017eda, ali ne u Hrvatskoj. U na\u0161oj maloj dr\u017eavi srca su velika. Najve\u0107a. Zato mo\u017eemo dosti\u0107i i nedosti\u017eno. U prikupljanje [&hellip;]<\/p>\n","protected":false},"author":7,"featured_media":5284,"comment_status":"closed","ping_status":"closed","sticky":false,"template":"","format":"standard","meta":{"_et_pb_use_builder":"","_et_pb_old_content":"","_et_gb_content_width":"","footnotes":""},"categories":[4],"tags":[],"class_list":["post-5283","post","type-post","status-publish","format-standard","has-post-thumbnail","hentry","category-najnovije-vijesti"],"_links":{"self":[{"href":"https:\/\/prva.hr\/index.php\/wp-json\/wp\/v2\/posts\/5283","targetHints":{"allow":["GET"]}}],"collection":[{"href":"https:\/\/prva.hr\/index.php\/wp-json\/wp\/v2\/posts"}],"about":[{"href":"https:\/\/prva.hr\/index.php\/wp-json\/wp\/v2\/types\/post"}],"author":[{"embeddable":true,"href":"https:\/\/prva.hr\/index.php\/wp-json\/wp\/v2\/users\/7"}],"replies":[{"embeddable":true,"href":"https:\/\/prva.hr\/index.php\/wp-json\/wp\/v2\/comments?post=5283"}],"version-history":[{"count":5,"href":"https:\/\/prva.hr\/index.php\/wp-json\/wp\/v2\/posts\/5283\/revisions"}],"predecessor-version":[{"id":5303,"href":"https:\/\/prva.hr\/index.php\/wp-json\/wp\/v2\/posts\/5283\/revisions\/5303"}],"wp:featuredmedia":[{"embeddable":true,"href":"https:\/\/prva.hr\/index.php\/wp-json\/wp\/v2\/media\/5284"}],"wp:attachment":[{"href":"https:\/\/prva.hr\/index.php\/wp-json\/wp\/v2\/media?parent=5283"}],"wp:term":[{"taxonomy":"category","embeddable":true,"href":"https:\/\/prva.hr\/index.php\/wp-json\/wp\/v2\/categories?post=5283"},{"taxonomy":"post_tag","embeddable":true,"href":"https:\/\/prva.hr\/index.php\/wp-json\/wp\/v2\/tags?post=5283"}],"curies":[{"name":"wp","href":"https:\/\/api.w.org\/{rel}","templated":true}]}}