{"id":5290,"date":"2019-04-04T09:04:48","date_gmt":"2019-04-04T07:04:48","guid":{"rendered":"http:\/\/www.prva.hr\/?p=5290"},"modified":"2019-04-08T12:14:46","modified_gmt":"2019-04-08T10:14:46","slug":"gostovanje-nastavnika-i-ucenika-u-radioemisijama","status":"publish","type":"post","link":"https:\/\/prva.hr\/index.php\/2019\/04\/04\/gostovanje-nastavnika-i-ucenika-u-radioemisijama\/","title":{"rendered":"Financijska pismenost i BU\u0160 na radiju"},"content":{"rendered":"<p>Ususret 25. Kapi dobrote i upisima u novu \u0161kolsku godinu, profesorice Z. Pa\u0161tar i M. Matu\u0161an zajedno s u\u010denicama L. Lugar (2.b) i N. \u010cebohin (3.a) sudjelovale su u radioemisijama.<\/p>\n<p>Profesorica Z. Pa\u0161tar i u\u010denica L. Lugar (2.b) sudjelovale su\u00a0u radio emisiji &#8220;Izvan okvira&#8221;.\u00a0 Zajedno s predstavnicima Hrvatske narodne banke i Hrvatskim debatnim dru\u0161tvom raspravljali su o financijskoj (ne)pismenosti dana\u0161nje mlade\u017ei. Emisiju mo\u017eete poslu\u0161ati na linku:\u00a0<a href=\"https:\/\/radio.hrt.hr\/prvi-program\/aod\/izvan-okvira\/294202\/?fbclid=IwAR0WkthyaJ4ZFYyUqnUFkQUWLj3fNTa-x_2ivukZnJiwMa5QwocdBVWcz3c\" target=\"_blank\" rel=\"noopener nofollow\" data-ft=\"{&quot;tn&quot;:&quot;-U&quot;}\" data-lynx-mode=\"async\" data-lynx-uri=\"https:\/\/l.facebook.com\/l.php?u=https%3A%2F%2Fradio.hrt.hr%2Fprvi-program%2Faod%2Fizvan-okvira%2F294202%2F%3Ffbclid%3DIwAR0WkthyaJ4ZFYyUqnUFkQUWLj3fNTa-x_2ivukZnJiwMa5QwocdBVWcz3c&amp;h=AT0etRL2Je_MwnZkb6X1dM-Rtad8U28pdpebtWcAiJbScNnOF_BXyweUE0yPR-bSX2Cdjypd_DxVp4Lq1d1UOwDUaZ2SFybfnqaoAKZf59YFexm0km_0_xzfQvCqlRlTcLI6nHJWJ-N-N1cKMshB2D7o8XkQhQTovJG907B6DUt4ngNC9fLjlFWyeyaFop8WK6yLvIdU-xZE0EyBFuy9PFhWzbt6b0HzRYyOMm06T01xt1w23qxcHrKIgzqv11pc5h2Uus0YT3Ah_nkuQh4MFoA_oJhKM4LvvEUd0Jq4onx7CXHy8E6AhMMg96J1uhfkuVT7VvNxkrfZ-Oq8UvitaTeQPJL-zG7-XxMGf6wERrq61_SYREg4tTDGiQTblxC5u4GbPap24if-62lvn6HTy0ynz05OfYqRCPF3XftF_3fPysAW5bIW-QF1ahOhau4EXfHnyz91SxnNXioD6Ff0Kh55Uz2yCpo7KWnXsz9npuTey2fhMcZE3NbX6I4rOH2mvJniXm9QRo_v2_KDwI69zX-CfIabz9-83gDyV_a-qDPb1SsMolApShqoDmgDTQGqbsVfsjvAYqD44lWXpxOnw7FUSRKR_ipm2W4CpJry1yc46Xp5BQGrOQ1_vUtGp5d3rZ6l6nILbapY4RnZILri6Ja6auv8lB2RSTe7wH_ddsg3AG7Tev6m_afNqL0vz-nQmqdIA2urZ0bZcuxmt7YQ_WJLOsvo4_9S3YpS457nbwP2iPi8B8I_mI73JQ\">https:\/\/radio.hrt.hr\/prvi-program\/aod\/izvan-okvira\/294202\/<\/a><\/p>\n<p><img decoding=\"async\" class=\"alignnone size-medium wp-image-5291 aligncenter lazyload\" data-src=\"https:\/\/www.prva.hr\/wp-content\/uploads\/2019\/04\/Zlata-i-Lana-300x225.jpg\" alt=\"\" width=\"300\" height=\"225\" src=\"data:image\/svg+xml;base64,PHN2ZyB3aWR0aD0iMSIgaGVpZ2h0PSIxIiB4bWxucz0iaHR0cDovL3d3dy53My5vcmcvMjAwMC9zdmciPjwvc3ZnPg==\" style=\"--smush-placeholder-width: 300px; --smush-placeholder-aspect-ratio: 300\/225;\" \/><\/p>\n<p>&nbsp;<\/p>\n<p>Profesorica M. Matu\u0161an i u\u010denica N. \u010cebohin (3.a) sudjelovale su u emisiji &#8220;Pametna plo\u010da&#8221; Radia Sljemena\u00a0gdje su predstavile poznati \u0161kolski projekt Biciklom u \u0161kolu (BU\u0160). Tako\u0111er su ispri\u010dale\u00a0kako \u017eivi Prva, koliko aktivnosti nudi svojim u\u010denicima, koliko je zahtjevna, za\u0161to bi budu\u0107i u\u010denici trebali upisati ba\u0161 Prvu i sli\u010dno.<\/p>\n<p>Emisiju mo\u017eete poslu\u0161ati na:\u00a0<span class=\"text_exposed_show\"><a href=\"https:\/\/radio.hrt.hr\/radio-sljeme\/aod\/projekt-bus\/294493\/?fbclid=IwAR0J9rtm8H-Uuz26P8-Gk7xsPnFDvXEYyIYisLjIpHCiPCByq-TcQvlyytE\" target=\"_blank\" rel=\"noopener nofollow\" data-ft=\"{&quot;tn&quot;:&quot;-U&quot;}\" data-lynx-mode=\"async\" data-lynx-uri=\"https:\/\/l.facebook.com\/l.php?u=https%3A%2F%2Fradio.hrt.hr%2Fradio-sljeme%2Faod%2Fprojekt-bus%2F294493%2F%3Ffbclid%3DIwAR0J9rtm8H-Uuz26P8-Gk7xsPnFDvXEYyIYisLjIpHCiPCByq-TcQvlyytE&amp;h=AT1hVUNpIuFSU9qjBNfYP96gWqaw_6eyCUf0IsWB9owsSb8GH915l1W8y4pX_BmfSNWDXkUVWnrG5T75Xqa41nTEwiOOG2TXuQ0wpFpu4rH_AzGxQPBw7j2empqXyzVKzI5ZXRRKR1q4AfHJlRT1A82zDLSMMHTtpfTX15Z_C8o6z-ZfNRDaRj0xZ7gcdmdljmKOfwCYoYrBhdaP9m8GArUzXoxZLhq_0SQ71wYIVwqFOYJwNin7MY6kAvVkdGQglg5x8dKPFZF-7desBz6LBmMDnvqTI4PYMTzfrtcrTkR1H7VqPlZTfas0mIa5WQHuRZCIwQePQNlCMANwTxZJU5tcU0jse-HlNphNXdDSsz-F-OMOilTCq00puV17WQmPIyfWSkKbTmqjYeEj9NDaZ67SfCW9cEynFImDyW-aiuXKmU8zm07PFkFcMW_lCAseQDV4n1RY2arz0UWUUOkTATlErCi3xNrkKbJnjvaJUzr-jEpxvmkqCxFbmY3hCIXxXiJdPMiC1l99egZrtxdfD9s0N4h7EmuOY-98i01DimqfqNX8wFZ6ls9N-UIF-wnO7hCfKOBrDXfZvAy7xWOxNU3Jx44PfiPeeGk24HboQ9-55PWtt1Yw3bnGovYav1ZxYoG-EQEa0zOoWaspdq99KbDamOECH-yTs1OK8iJ1jlaGTfSA0UVWD8l1CaDbHLcnhiuDwZRtuDG6wzcmckjaDn0I27mylAVIOKR8HIhwZPJwNUq0bCKEjHVY\">https:\/\/radio.hrt.hr\/radio-sljeme\/aod\/projekt-bus\/294493\/<\/a><\/span><\/p>\n<p>&nbsp;<\/p>\n<p><img decoding=\"async\" class=\"alignnone size-medium wp-image-5296 aligncenter lazyload\" data-src=\"https:\/\/www.prva.hr\/wp-content\/uploads\/2019\/04\/Meri-i-Nika-300x225.jpg\" alt=\"\" width=\"300\" height=\"225\" src=\"data:image\/svg+xml;base64,PHN2ZyB3aWR0aD0iMSIgaGVpZ2h0PSIxIiB4bWxucz0iaHR0cDovL3d3dy53My5vcmcvMjAwMC9zdmciPjwvc3ZnPg==\" style=\"--smush-placeholder-width: 300px; --smush-placeholder-aspect-ratio: 300\/225;\" \/><\/p>\n","protected":false},"excerpt":{"rendered":"<p>Ususret 25. Kapi dobrote i upisima u novu \u0161kolsku godinu, profesorice Z. Pa\u0161tar i M. Matu\u0161an zajedno s u\u010denicama L. Lugar (2.b) i N. \u010cebohin (3.a) sudjelovale su u radioemisijama. Profesorica Z. Pa\u0161tar i u\u010denica L. Lugar (2.b) sudjelovale su\u00a0u radio emisiji &#8220;Izvan okvira&#8221;.\u00a0 Zajedno s predstavnicima Hrvatske narodne banke i Hrvatskim debatnim dru\u0161tvom raspravljali [&hellip;]<\/p>\n","protected":false},"author":7,"featured_media":0,"comment_status":"closed","ping_status":"closed","sticky":false,"template":"","format":"standard","meta":{"_et_pb_use_builder":"","_et_pb_old_content":"","_et_gb_content_width":"","footnotes":""},"categories":[52,4],"tags":[],"class_list":["post-5290","post","type-post","status-publish","format-standard","hentry","category-mediji-skola-u-medijima","category-najnovije-vijesti"],"_links":{"self":[{"href":"https:\/\/prva.hr\/index.php\/wp-json\/wp\/v2\/posts\/5290","targetHints":{"allow":["GET"]}}],"collection":[{"href":"https:\/\/prva.hr\/index.php\/wp-json\/wp\/v2\/posts"}],"about":[{"href":"https:\/\/prva.hr\/index.php\/wp-json\/wp\/v2\/types\/post"}],"author":[{"embeddable":true,"href":"https:\/\/prva.hr\/index.php\/wp-json\/wp\/v2\/users\/7"}],"replies":[{"embeddable":true,"href":"https:\/\/prva.hr\/index.php\/wp-json\/wp\/v2\/comments?post=5290"}],"version-history":[{"count":4,"href":"https:\/\/prva.hr\/index.php\/wp-json\/wp\/v2\/posts\/5290\/revisions"}],"predecessor-version":[{"id":5380,"href":"https:\/\/prva.hr\/index.php\/wp-json\/wp\/v2\/posts\/5290\/revisions\/5380"}],"wp:attachment":[{"href":"https:\/\/prva.hr\/index.php\/wp-json\/wp\/v2\/media?parent=5290"}],"wp:term":[{"taxonomy":"category","embeddable":true,"href":"https:\/\/prva.hr\/index.php\/wp-json\/wp\/v2\/categories?post=5290"},{"taxonomy":"post_tag","embeddable":true,"href":"https:\/\/prva.hr\/index.php\/wp-json\/wp\/v2\/tags?post=5290"}],"curies":[{"name":"wp","href":"https:\/\/api.w.org\/{rel}","templated":true}]}}