{"id":5314,"date":"2019-04-04T10:19:37","date_gmt":"2019-04-04T08:19:37","guid":{"rendered":"http:\/\/www.prva.hr\/?p=5314"},"modified":"2019-04-04T15:33:51","modified_gmt":"2019-04-04T13:33:51","slug":"volonteri-prve-u-akciji-prvazamilu","status":"publish","type":"post","link":"https:\/\/prva.hr\/index.php\/2019\/04\/04\/volonteri-prve-u-akciji-prvazamilu\/","title":{"rendered":"VOLONTERI PRVE U AKCIJI #PRVAZAMILU"},"content":{"rendered":"<div class=\"gmail_default\">U ponedjeljak\u00a0<strong>1.4.2019.<\/strong>\u00a0u Prvoj gimnaziji organizirana je jo\u0161 jedna u nizu humanitarnih akcija pod nazivom\u00a0<strong>#PRVAZA MILU<\/strong>.<\/div>\n<p>Humanitarna akcija\u00a0 #PRVAZAMILU bila\u00a0 je namijenjena\u00a0 za pomo\u0107 obitelji Ron\u010devi\u0107 \u010dija je dvogodi\u0161nja k\u0107erkica Mila te\u0161ko bolesna. \u010citava se Hrvatska digla na noge da bi sakupila sredstva za njeno lije\u010denje u SAD-u.\u00a0U prikupljanje sredstava uklju\u010dila se i Prva. U provedbi akcije aktivno su sudjelovale voditeljica i \u010dlanice Volonterskog kluba Prve gimnazije Franciska Kocifaj (4.b), Laura Cel\u010di\u0107 (3.d), Antea Renduli\u0107 i Ana Tufek\u010di\u0107 (3.b).<\/p>\n<p>Samo tijekom\u00a0 jednog velikog odmora\u00a0 prikupili smo vi\u0161e od 1900,00 kn.<\/p>\n<p>Hvala svim u\u010denicima, nastavnicima i djelatnicima Prve koji su doprinijeli uspjehu ove akcije!<\/p>\n<p><a href=\"http:\/\/www.prva.hr\/index.php\/2019\/04\/04\/prvazamilu\/img_20190401_101031-3\/\" target=\"_blank\" rel=\"attachment noopener wp-att-5308\" data-saferedirecturl=\"https:\/\/www.google.com\/url?q=http:\/\/www.prva.hr\/index.php\/2019\/04\/04\/prvazamilu\/img_20190401_101031-3\/&amp;source=gmail&amp;ust=1554451938159000&amp;usg=AFQjCNHMLaEfM_zOdhf-y4vNwW6uaRvENw\"><img decoding=\"async\" class=\"m_3330329864964837981gmail-alignnone m_3330329864964837981gmail-size-medium m_3330329864964837981gmail-wp-image-5308 CToWUd lazyload\" data-src=\"https:\/\/ci6.googleusercontent.com\/proxy\/U7wTSfxl8bC86ljovE1ZdVcLZQijhw6N7taoT-xdDVTs_g6cCs_-h0ehFQHDkjG8dS8v-sQOBgU1gMdt9x-J90vpIb0BnD00F7UWEuZKSo9x41ehl65F4rM_P9pO-xX66GiS=s0-d-e1-ft#https:\/\/www.prva.hr\/wp-content\/uploads\/2019\/04\/IMG_20190401_101031-2-300x225.jpg\" alt=\"\" width=\"300\" height=\"225\" data-srcset=\"https:\/\/prva.hr\/wp-content\/uploads\/2019\/04\/IMG_20190401_101031-2-300x225.jpg 300w, https:\/\/prva.hr\/wp-content\/uploads\/2019\/04\/IMG_20190401_101031-2-768x576.jpg 768w, https:\/\/prva.hr\/wp-content\/uploads\/2019\/04\/IMG_20190401_101031-2-1024x768.jpg 1024w, https:\/\/prva.hr\/wp-content\/uploads\/2019\/04\/IMG_20190401_101031-2-400x300.jpg 400w\" data-sizes=\"(max-width: 300px) 100vw, 300px\" src=\"data:image\/svg+xml;base64,PHN2ZyB3aWR0aD0iMSIgaGVpZ2h0PSIxIiB4bWxucz0iaHR0cDovL3d3dy53My5vcmcvMjAwMC9zdmciPjwvc3ZnPg==\" style=\"--smush-placeholder-width: 300px; --smush-placeholder-aspect-ratio: 300\/225;\" \/><\/a><\/p>\n<p>Volonterke Prve u humanitarnoj akciji #PRVAZAMILU<\/p>\n<p>&nbsp;<\/p>\n<p>Vlasta Luka\u010devi\u0107, prof.<\/p>\n<p>stru\u010dna suradnica &#8211; psihologinja<\/p>\n","protected":false},"excerpt":{"rendered":"<p>U ponedjeljak\u00a01.4.2019.\u00a0u Prvoj gimnaziji organizirana je jo\u0161 jedna u nizu humanitarnih akcija pod nazivom\u00a0#PRVAZA MILU. Humanitarna akcija\u00a0 #PRVAZAMILU bila\u00a0 je namijenjena\u00a0 za pomo\u0107 obitelji Ron\u010devi\u0107 \u010dija je dvogodi\u0161nja k\u0107erkica Mila te\u0161ko bolesna. \u010citava se Hrvatska digla na noge da bi sakupila sredstva za njeno lije\u010denje u SAD-u.\u00a0U prikupljanje sredstava uklju\u010dila se i Prva. U provedbi [&hellip;]<\/p>\n","protected":false},"author":6,"featured_media":0,"comment_status":"closed","ping_status":"closed","sticky":false,"template":"","format":"standard","meta":{"_et_pb_use_builder":"","_et_pb_old_content":"","_et_gb_content_width":"","footnotes":""},"categories":[45],"tags":[],"class_list":["post-5314","post","type-post","status-publish","format-standard","hentry","category-aktivnosti-izvannastavne-aktivnosti-volonterski-klub"],"_links":{"self":[{"href":"https:\/\/prva.hr\/index.php\/wp-json\/wp\/v2\/posts\/5314","targetHints":{"allow":["GET"]}}],"collection":[{"href":"https:\/\/prva.hr\/index.php\/wp-json\/wp\/v2\/posts"}],"about":[{"href":"https:\/\/prva.hr\/index.php\/wp-json\/wp\/v2\/types\/post"}],"author":[{"embeddable":true,"href":"https:\/\/prva.hr\/index.php\/wp-json\/wp\/v2\/users\/6"}],"replies":[{"embeddable":true,"href":"https:\/\/prva.hr\/index.php\/wp-json\/wp\/v2\/comments?post=5314"}],"version-history":[{"count":3,"href":"https:\/\/prva.hr\/index.php\/wp-json\/wp\/v2\/posts\/5314\/revisions"}],"predecessor-version":[{"id":5341,"href":"https:\/\/prva.hr\/index.php\/wp-json\/wp\/v2\/posts\/5314\/revisions\/5341"}],"wp:attachment":[{"href":"https:\/\/prva.hr\/index.php\/wp-json\/wp\/v2\/media?parent=5314"}],"wp:term":[{"taxonomy":"category","embeddable":true,"href":"https:\/\/prva.hr\/index.php\/wp-json\/wp\/v2\/categories?post=5314"},{"taxonomy":"post_tag","embeddable":true,"href":"https:\/\/prva.hr\/index.php\/wp-json\/wp\/v2\/tags?post=5314"}],"curies":[{"name":"wp","href":"https:\/\/api.w.org\/{rel}","templated":true}]}}