{"id":5350,"date":"2019-04-05T16:00:12","date_gmt":"2019-04-05T14:00:12","guid":{"rendered":"http:\/\/www.prva.hr\/?p=5350"},"modified":"2025-12-04T09:46:01","modified_gmt":"2025-12-04T08:46:01","slug":"motivacija-ucenika-kao-kljuc-uspjeha-drugi-posjet-prvoj-gimnaziji-maribor-u-sklopu-projekta-stem-na-kvadrat","status":"publish","type":"post","link":"https:\/\/prva.hr\/index.php\/2019\/04\/05\/motivacija-ucenika-kao-kljuc-uspjeha-drugi-posjet-prvoj-gimnaziji-maribor-u-sklopu-projekta-stem-na-kvadrat\/","title":{"rendered":"Motivacija u\u010denika kao klju\u010d uspjeha &#8211; drugi posjet Prvoj gimnaziji Maribor u sklopu projekta \u201cSTEM na kvadrat\u201d"},"content":{"rendered":"<p>&nbsp;<\/p>\n<p>U o\u017eujku 2019. godine profesorica kemije Snje\u017eana Liber i profesorica biologije Ivana Gambiro\u017ea posjetile su mariborsku Prvu gimnaziju, u sklopu projekta &#8221;STEM na kvadrat&#8221;, kao dijela programa mobilnosti ERASMUS+ KA 1 (job shadowing). Cilj posjeta bio je dodatno unaprijediti nastavu \u00a0STEM podru\u010dja u na\u0161oj gimnaziji, stoga su nastavnice prisustvovale i aktivno sudjelovale u nizu aktivnosti u organizaciji mariborske gimnazije.<\/p>\n<p>S obzirom na \u010destu percepciju predmeta STEM podru\u010dja kao onih zahtjevnih i te\u0161kih, poseban naglasak stavljen je na raspravu o mogu\u0107nostima promjene takvog u\u010deni\u010dkog pristupa upotrebom inovativnih nastavnih metoda, suvremenih sredstava za rad te oboga\u0107ivanjem sadr\u017eaja nastave. Iz tog je razloga odr\u017ean okrugli stol na temu motivacije u\u010denika za STEM podru\u010dje, pri \u010demu su na\u0161e profesorice izmijenile va\u017ena iskustva i primjere dobre prakse sa slovenskim kolegama. Osim motivacije u\u010denika, na okruglom stolu su se tematizirali i ostali va\u017eni aspekti nastave STEM podru\u010dja, poput va\u017enosti razvijanja u\u010deni\u010dkih sposobnosti rje\u0161avanja problema i izno\u0161enja individualnih ideja kao doprinosa nastavnom procesu, kao i zajedni\u010dka uloga \u0161kole i lokalne zajednice u razvijanju STEM podru\u010dja.<\/p>\n<p>&nbsp;<\/p>\n<p style=\"text-align: center;\"><a href=\"http:\/\/www.prva.hr\/index.php\/2019\/04\/05\/motivacija-ucenika-kao-kljuc-uspjeha-drugi-posjet-prvoj-gimnaziji-maribor-u-sklopu-projekta-stem-na-kvadrat\/na-sjednici-nv-u-prvoj-mariborskoj\/\" rel=\"attachment wp-att-5351\"><img decoding=\"async\" class=\"wp-image-5351 aligncenter lazyload\" data-src=\"https:\/\/www.prva.hr\/wp-content\/uploads\/2019\/04\/na-sjednici-NV-u-Prvoj-mariborskoj--300x225.jpg\" alt=\"\" width=\"439\" height=\"329\" data-srcset=\"https:\/\/prva.hr\/wp-content\/uploads\/2019\/04\/na-sjednici-NV-u-Prvoj-mariborskoj--300x225.jpg 300w, https:\/\/prva.hr\/wp-content\/uploads\/2019\/04\/na-sjednici-NV-u-Prvoj-mariborskoj--768x576.jpg 768w, https:\/\/prva.hr\/wp-content\/uploads\/2019\/04\/na-sjednici-NV-u-Prvoj-mariborskoj--1024x768.jpg 1024w, https:\/\/prva.hr\/wp-content\/uploads\/2019\/04\/na-sjednici-NV-u-Prvoj-mariborskoj--400x300.jpg 400w, https:\/\/prva.hr\/wp-content\/uploads\/2019\/04\/na-sjednici-NV-u-Prvoj-mariborskoj-.jpg 1600w\" data-sizes=\"(max-width: 439px) 100vw, 439px\" src=\"data:image\/svg+xml;base64,PHN2ZyB3aWR0aD0iMSIgaGVpZ2h0PSIxIiB4bWxucz0iaHR0cDovL3d3dy53My5vcmcvMjAwMC9zdmciPjwvc3ZnPg==\" style=\"--smush-placeholder-width: 439px; --smush-placeholder-aspect-ratio: 439\/329;\" \/><\/a><br \/>\nProf. Gambiro\u017ea i prof. Liber u razgovoru sa slovenskim kolegama<\/p>\n<p>&nbsp;<\/p>\n<p>Tematiziranje motivacije u\u010denika u nastavi STEM podru\u010dja nije moglo prote\u0107i bez rasprave o lepezama razli\u010ditih eksperimentalnih radova koji bi se mogli provoditi tijekom nastave, ali i o osiguravanju potrebnih uvjeta i sigurnosti za provo\u0111enje istih. Kako bi prenijeli svoje ideje i iskustva, kolege iz Maribora su otvorili vrata svojih u\u010dionica i labosa, a maturanti demonstrirali nekoliko kemijskih i biolo\u0161kih eksperimentalnih vje\u017ebi.<\/p>\n<p>Sigurni smo kako su sve aktivnosti i iskustva doprinijeli daljnjem usavr\u0161avanju na\u0161ih profesorica, kao i daljnjem unapre\u0111enju kvalitete nastave STEM podru\u010dja u I. gimnaziji.<\/p>\n<p>&nbsp;<\/p>\n<p style=\"text-align: center;\"><a href=\"http:\/\/www.prva.hr\/index.php\/2019\/04\/05\/motivacija-ucenika-kao-kljuc-uspjeha-drugi-posjet-prvoj-gimnaziji-maribor-u-sklopu-projekta-stem-na-kvadrat\/_na-satu-kemije-gimnazija-maribor-listopad-2019\/\" rel=\"attachment wp-att-5352\"><img decoding=\"async\" class=\"alignnone wp-image-5352 lazyload\" data-src=\"https:\/\/www.prva.hr\/wp-content\/uploads\/2019\/04\/na-satu-kemije..Gimnazija-Maribor-listopad-2019.-e1554467254677-225x300.jpg\" alt=\"\" width=\"250\" height=\"333\" data-srcset=\"https:\/\/prva.hr\/wp-content\/uploads\/2019\/04\/na-satu-kemije..Gimnazija-Maribor-listopad-2019.-e1554467254677-225x300.jpg 225w, https:\/\/prva.hr\/wp-content\/uploads\/2019\/04\/na-satu-kemije..Gimnazija-Maribor-listopad-2019.-e1554467254677-768x1024.jpg 768w\" data-sizes=\"(max-width: 250px) 100vw, 250px\" src=\"data:image\/svg+xml;base64,PHN2ZyB3aWR0aD0iMSIgaGVpZ2h0PSIxIiB4bWxucz0iaHR0cDovL3d3dy53My5vcmcvMjAwMC9zdmciPjwvc3ZnPg==\" style=\"--smush-placeholder-width: 250px; --smush-placeholder-aspect-ratio: 250\/333;\" \/><\/a>\u00a0 \u00a0 \u00a0 \u00a0 \u00a0 \u00a0 \u00a0 \u00a0 \u00a0 \u00a0<a href=\"http:\/\/www.prva.hr\/index.php\/2019\/04\/05\/motivacija-ucenika-kao-kljuc-uspjeha-drugi-posjet-prvoj-gimnaziji-maribor-u-sklopu-projekta-stem-na-kvadrat\/na-vjezbama-iz-biologije\/\" rel=\"attachment wp-att-5354\"><img decoding=\"async\" class=\"alignnone wp-image-5354 lazyload\" data-src=\"https:\/\/www.prva.hr\/wp-content\/uploads\/2019\/04\/na-vje\u017ebama-iz-biologije-e1554467429864-225x300.jpg\" alt=\"\" width=\"249\" height=\"332\" data-srcset=\"https:\/\/prva.hr\/wp-content\/uploads\/2019\/04\/na-vje\u017ebama-iz-biologije-e1554467429864-225x300.jpg 225w, https:\/\/prva.hr\/wp-content\/uploads\/2019\/04\/na-vje\u017ebama-iz-biologije-e1554467429864-768x1024.jpg 768w\" data-sizes=\"(max-width: 249px) 100vw, 249px\" src=\"data:image\/svg+xml;base64,PHN2ZyB3aWR0aD0iMSIgaGVpZ2h0PSIxIiB4bWxucz0iaHR0cDovL3d3dy53My5vcmcvMjAwMC9zdmciPjwvc3ZnPg==\" style=\"--smush-placeholder-width: 249px; --smush-placeholder-aspect-ratio: 249\/332;\" \/><\/a><br \/>\nMaturanti na satu kemije izvode vje\u017ebu\u00a0\u00a0 \u00a0 \u00a0 \u00a0 \u00a0 \u00a0 \u00a0 \u00a0 \u00a0 \u00a0 \u00a0Vje\u017ebe iz biologije u Prvoj gimnaziji Maribor<\/p>\n<p>&nbsp;<\/p>\n<p>&nbsp;<\/p>\n<p><a href=\"http:\/\/www.prva.hr\/index.php\/2019\/02\/15\/posjet-prvoj-gimnaziji-maribor-u-sklopu-projekta-stem-na-kvadrat\/logosbeneficaireserasmusright_hr\/\" rel=\"attachment wp-att-4840\"><img decoding=\"async\" class=\"alignnone size-medium wp-image-4840 lazyload\" data-src=\"https:\/\/www.prva.hr\/wp-content\/uploads\/2019\/02\/logosbeneficaireserasmusright_hr-300x62.jpg\" alt=\"\" width=\"300\" height=\"62\" data-srcset=\"https:\/\/prva.hr\/wp-content\/uploads\/2019\/02\/logosbeneficaireserasmusright_hr-300x62.jpg 300w, https:\/\/prva.hr\/wp-content\/uploads\/2019\/02\/logosbeneficaireserasmusright_hr-768x158.jpg 768w, https:\/\/prva.hr\/wp-content\/uploads\/2019\/02\/logosbeneficaireserasmusright_hr-1024x210.jpg 1024w, https:\/\/prva.hr\/wp-content\/uploads\/2019\/02\/logosbeneficaireserasmusright_hr-400x82.jpg 400w\" data-sizes=\"(max-width: 300px) 100vw, 300px\" src=\"data:image\/svg+xml;base64,PHN2ZyB3aWR0aD0iMSIgaGVpZ2h0PSIxIiB4bWxucz0iaHR0cDovL3d3dy53My5vcmcvMjAwMC9zdmciPjwvc3ZnPg==\" style=\"--smush-placeholder-width: 300px; --smush-placeholder-aspect-ratio: 300\/62;\" \/><\/a><\/p>\n<p>O tome \u0161to su jo\u0161 radile na\u0161e profesorice tijekom boravka u Prvoj gimnaziji Maribor i s kojim su se iskustvima vratile, mo\u0107i \u0107ete pro\u010ditati u sljede\u0107oj objavi, a vi\u0161e o programu Erasmus + mo\u017eete pro\u010ditati\u00a0<a href=\"https:\/\/www.prva.hr\/wp-content\/uploads\/2019\/02\/Erasmus-bro%C5%A1ura.pdf\">ovdje<\/a><\/p>\n<p>&nbsp;<\/p>\n<p>&nbsp;<\/p>\n","protected":false},"excerpt":{"rendered":"<p>&nbsp; U o\u017eujku 2019. godine profesorica kemije Snje\u017eana Liber i profesorica biologije Ivana Gambiro\u017ea posjetile su mariborsku Prvu gimnaziju, u sklopu projekta &#8221;STEM na kvadrat&#8221;, kao dijela programa mobilnosti ERASMUS+ KA 1 (job shadowing). Cilj posjeta bio je dodatno unaprijediti nastavu \u00a0STEM podru\u010dja u na\u0161oj gimnaziji, stoga su nastavnice prisustvovale i aktivno sudjelovale u nizu [&hellip;]<\/p>\n","protected":false},"author":6,"featured_media":5353,"comment_status":"closed","ping_status":"closed","sticky":false,"template":"","format":"standard","meta":{"_et_pb_use_builder":"","_et_pb_old_content":"","_et_gb_content_width":"","footnotes":""},"categories":[66,148],"tags":[],"class_list":["post-5350","post","type-post","status-publish","format-standard","has-post-thumbnail","hentry","category-aktivnosti-projekti-erasmus","category-erasmus-aktivnosti"],"_links":{"self":[{"href":"https:\/\/prva.hr\/index.php\/wp-json\/wp\/v2\/posts\/5350","targetHints":{"allow":["GET"]}}],"collection":[{"href":"https:\/\/prva.hr\/index.php\/wp-json\/wp\/v2\/posts"}],"about":[{"href":"https:\/\/prva.hr\/index.php\/wp-json\/wp\/v2\/types\/post"}],"author":[{"embeddable":true,"href":"https:\/\/prva.hr\/index.php\/wp-json\/wp\/v2\/users\/6"}],"replies":[{"embeddable":true,"href":"https:\/\/prva.hr\/index.php\/wp-json\/wp\/v2\/comments?post=5350"}],"version-history":[{"count":18,"href":"https:\/\/prva.hr\/index.php\/wp-json\/wp\/v2\/posts\/5350\/revisions"}],"predecessor-version":[{"id":5372,"href":"https:\/\/prva.hr\/index.php\/wp-json\/wp\/v2\/posts\/5350\/revisions\/5372"}],"wp:featuredmedia":[{"embeddable":true,"href":"https:\/\/prva.hr\/index.php\/wp-json\/wp\/v2\/media\/5353"}],"wp:attachment":[{"href":"https:\/\/prva.hr\/index.php\/wp-json\/wp\/v2\/media?parent=5350"}],"wp:term":[{"taxonomy":"category","embeddable":true,"href":"https:\/\/prva.hr\/index.php\/wp-json\/wp\/v2\/categories?post=5350"},{"taxonomy":"post_tag","embeddable":true,"href":"https:\/\/prva.hr\/index.php\/wp-json\/wp\/v2\/tags?post=5350"}],"curies":[{"name":"wp","href":"https:\/\/api.w.org\/{rel}","templated":true}]}}