{"id":5402,"date":"2019-04-10T22:56:15","date_gmt":"2019-04-10T20:56:15","guid":{"rendered":"http:\/\/www.prva.hr\/?p=5402"},"modified":"2019-04-10T22:56:15","modified_gmt":"2019-04-10T20:56:15","slug":"dan-otvorenih-vrata-fsb-a-12-04-2019","status":"publish","type":"post","link":"https:\/\/prva.hr\/index.php\/2019\/04\/10\/dan-otvorenih-vrata-fsb-a-12-04-2019\/","title":{"rendered":"Dan otvorenih vrata FSB-a, 12.04.2019."},"content":{"rendered":"<p style=\"font-weight: 400; text-align: left;\">Dan otvorenih vrata Fakulteta strojarstva i brodogradnje odr\u017eat \u0107e se u petak 12.04.2019. s po\u010detkom u 13.00 sati.<\/p>\n<p style=\"font-weight: 400; text-align: left;\">Odr\u017eava se u sklopu aktivnosti povodom Festivala znanosti i obilje\u017eavanja 100. godi\u0161njice FSB-a.\u00a0Program zapo\u010dinje s predstavljanjem Fakulteta i studentskih udruga u Velikoj vije\u0107nici (ju\u017ena zgrada), nakon \u010dega slijedi obilazak Laboratorija za konstruiranje \u2013 CADLab, Laboratorija za motore i vozila, Laboratorija za projektiranje izradbenih i monta\u017enih sustava i Laboratorija za automatiku i robotiku.<\/p>\n","protected":false},"excerpt":{"rendered":"<p>Dan otvorenih vrata Fakulteta strojarstva i brodogradnje odr\u017eat \u0107e se u petak 12.04.2019. s po\u010detkom u 13.00 sati. Odr\u017eava se u sklopu aktivnosti povodom Festivala znanosti i obilje\u017eavanja 100. godi\u0161njice FSB-a.\u00a0Program zapo\u010dinje s predstavljanjem Fakulteta i studentskih udruga u Velikoj vije\u0107nici (ju\u017ena zgrada), nakon \u010dega slijedi obilazak Laboratorija za konstruiranje \u2013 CADLab, Laboratorija za motore [&hellip;]<\/p>\n","protected":false},"author":7,"featured_media":0,"comment_status":"closed","ping_status":"closed","sticky":false,"template":"","format":"standard","meta":{"_et_pb_use_builder":"","_et_pb_old_content":"","_et_gb_content_width":"","footnotes":""},"categories":[14],"tags":[],"class_list":["post-5402","post","type-post","status-publish","format-standard","hentry","category-dogadanja-izvan-skole"],"_links":{"self":[{"href":"https:\/\/prva.hr\/index.php\/wp-json\/wp\/v2\/posts\/5402","targetHints":{"allow":["GET"]}}],"collection":[{"href":"https:\/\/prva.hr\/index.php\/wp-json\/wp\/v2\/posts"}],"about":[{"href":"https:\/\/prva.hr\/index.php\/wp-json\/wp\/v2\/types\/post"}],"author":[{"embeddable":true,"href":"https:\/\/prva.hr\/index.php\/wp-json\/wp\/v2\/users\/7"}],"replies":[{"embeddable":true,"href":"https:\/\/prva.hr\/index.php\/wp-json\/wp\/v2\/comments?post=5402"}],"version-history":[{"count":1,"href":"https:\/\/prva.hr\/index.php\/wp-json\/wp\/v2\/posts\/5402\/revisions"}],"predecessor-version":[{"id":5403,"href":"https:\/\/prva.hr\/index.php\/wp-json\/wp\/v2\/posts\/5402\/revisions\/5403"}],"wp:attachment":[{"href":"https:\/\/prva.hr\/index.php\/wp-json\/wp\/v2\/media?parent=5402"}],"wp:term":[{"taxonomy":"category","embeddable":true,"href":"https:\/\/prva.hr\/index.php\/wp-json\/wp\/v2\/categories?post=5402"},{"taxonomy":"post_tag","embeddable":true,"href":"https:\/\/prva.hr\/index.php\/wp-json\/wp\/v2\/tags?post=5402"}],"curies":[{"name":"wp","href":"https:\/\/api.w.org\/{rel}","templated":true}]}}