{"id":5445,"date":"2019-04-16T17:12:16","date_gmt":"2019-04-16T15:12:16","guid":{"rendered":"http:\/\/www.prva.hr\/?p=5445"},"modified":"2019-04-16T17:12:16","modified_gmt":"2019-04-16T15:12:16","slug":"obiljezavanje-noci-knjige-u-kuc-u-travno","status":"publish","type":"post","link":"https:\/\/prva.hr\/index.php\/2019\/04\/16\/obiljezavanje-noci-knjige-u-kuc-u-travno\/","title":{"rendered":"Obilje\u017eavanje No\u0107i knjige u KUC-u Travno"},"content":{"rendered":"<p>U srijedu,\u00a0<u>17. travnja 2019<\/u>. u\u00a0<b>13 sati<\/b>\u00a0u\u00a0<u>KUC-u Travno<\/u>\u00a0(B. Magovca 17, plato Mamutice) odr\u017eat \u0107e se sve\u010dana dodjela nagrada literarnoga natje\u010daja za srednjo\u0161kolce \u201e<b>Ja sam pisac<\/b>\u201c u sklopu obilje\u017eavanja\u00a0<b>No\u0107i knjige<\/b>. Program vode na\u0161e u\u010denice DORA HASANEC (3.e) i ANDREJA JURASOVI\u0106 (4.c).<\/p>\n<p>Vi\u0161e informacija mo\u017eete prona\u0107i <a href=\"https:\/\/www.prva.hr\/wp-content\/uploads\/2019\/04\/No\u0107-knjige_2019.pdf\">ovdje<\/a>.<\/p>\n","protected":false},"excerpt":{"rendered":"<p>U srijedu,\u00a017. travnja 2019. u\u00a013 sati\u00a0u\u00a0KUC-u Travno\u00a0(B. Magovca 17, plato Mamutice) odr\u017eat \u0107e se sve\u010dana dodjela nagrada literarnoga natje\u010daja za srednjo\u0161kolce \u201eJa sam pisac\u201c u sklopu obilje\u017eavanja\u00a0No\u0107i knjige. Program vode na\u0161e u\u010denice DORA HASANEC (3.e) i ANDREJA JURASOVI\u0106 (4.c). Vi\u0161e informacija mo\u017eete prona\u0107i ovdje.<\/p>\n","protected":false},"author":6,"featured_media":0,"comment_status":"closed","ping_status":"closed","sticky":false,"template":"","format":"standard","meta":{"_et_pb_use_builder":"","_et_pb_old_content":"","_et_gb_content_width":"","footnotes":""},"categories":[11],"tags":[],"class_list":["post-5445","post","type-post","status-publish","format-standard","hentry","category-najave"],"_links":{"self":[{"href":"https:\/\/prva.hr\/index.php\/wp-json\/wp\/v2\/posts\/5445","targetHints":{"allow":["GET"]}}],"collection":[{"href":"https:\/\/prva.hr\/index.php\/wp-json\/wp\/v2\/posts"}],"about":[{"href":"https:\/\/prva.hr\/index.php\/wp-json\/wp\/v2\/types\/post"}],"author":[{"embeddable":true,"href":"https:\/\/prva.hr\/index.php\/wp-json\/wp\/v2\/users\/6"}],"replies":[{"embeddable":true,"href":"https:\/\/prva.hr\/index.php\/wp-json\/wp\/v2\/comments?post=5445"}],"version-history":[{"count":1,"href":"https:\/\/prva.hr\/index.php\/wp-json\/wp\/v2\/posts\/5445\/revisions"}],"predecessor-version":[{"id":5447,"href":"https:\/\/prva.hr\/index.php\/wp-json\/wp\/v2\/posts\/5445\/revisions\/5447"}],"wp:attachment":[{"href":"https:\/\/prva.hr\/index.php\/wp-json\/wp\/v2\/media?parent=5445"}],"wp:term":[{"taxonomy":"category","embeddable":true,"href":"https:\/\/prva.hr\/index.php\/wp-json\/wp\/v2\/categories?post=5445"},{"taxonomy":"post_tag","embeddable":true,"href":"https:\/\/prva.hr\/index.php\/wp-json\/wp\/v2\/tags?post=5445"}],"curies":[{"name":"wp","href":"https:\/\/api.w.org\/{rel}","templated":true}]}}