{"id":5454,"date":"2019-04-17T15:22:31","date_gmt":"2019-04-17T13:22:31","guid":{"rendered":"http:\/\/www.prva.hr\/?p=5454"},"modified":"2019-04-17T15:22:31","modified_gmt":"2019-04-17T13:22:31","slug":"integraledu-info-tocka-o-mogucnostima-studiranja-u-inozemstvu","status":"publish","type":"post","link":"https:\/\/prva.hr\/index.php\/2019\/04\/17\/integraledu-info-tocka-o-mogucnostima-studiranja-u-inozemstvu\/","title":{"rendered":"INTEGRALedu INFO TO\u010cKA O MOGU\u0106NOSTIMA STUDIRANJA U INOZEMSTVU"},"content":{"rendered":"<p>U okviru \u0160kolskog programa profesionalnog informiranja i usmjeravanja, u suradnji s IntegralEdu, u na\u0161oj \u0161koli je u ponedjeljak<strong> 15. travnja 2019.\u00a0 <\/strong>za zainteresirane\u00a0 maturante i\u00a0 u\u010denike ostalih razreda,\u00a0 organizirana<strong> Info to\u010dka o mogu\u0107nostima studiranja\u00a0 u inozemstvu. <\/strong>Bila je to prilika da u\u010denici\u00a0 koji razmi\u0161ljaju o nastavku \u0161kolovanja u inozemstvu, doznaju\u00a0 vi\u0161e o procesu prijave, odabiru sveu\u010dili\u0161ta, kao i o mogu\u0107nostima stipendiranja.<\/p>\n<p style=\"text-align: center;\"><strong>\u00a0 <a href=\"http:\/\/www.prva.hr\/index.php\/2019\/04\/17\/integraledu-info-tocka-o-mogucnostima-studiranja-u-inozemstvu\/integraledu\/\" rel=\"attachment wp-att-5455\"><img decoding=\"async\" class=\"alignnone size-medium wp-image-5455 lazyload\" data-src=\"https:\/\/www.prva.hr\/wp-content\/uploads\/2019\/04\/integraledu-300x225.jpg\" alt=\"\" width=\"300\" height=\"225\" data-srcset=\"https:\/\/prva.hr\/wp-content\/uploads\/2019\/04\/integraledu-300x225.jpg 300w, https:\/\/prva.hr\/wp-content\/uploads\/2019\/04\/integraledu-768x576.jpg 768w, https:\/\/prva.hr\/wp-content\/uploads\/2019\/04\/integraledu-1024x768.jpg 1024w, https:\/\/prva.hr\/wp-content\/uploads\/2019\/04\/integraledu-400x300.jpg 400w\" data-sizes=\"(max-width: 300px) 100vw, 300px\" src=\"data:image\/svg+xml;base64,PHN2ZyB3aWR0aD0iMSIgaGVpZ2h0PSIxIiB4bWxucz0iaHR0cDovL3d3dy53My5vcmcvMjAwMC9zdmciPjwvc3ZnPg==\" style=\"--smush-placeholder-width: 300px; --smush-placeholder-aspect-ratio: 300\/225;\" \/><\/a><\/strong><\/p>\n<p>\u00a0 \u00a0 \u00a0 \u00a0 \u00a0 \u00a0 \u00a0 \u00a0 \u00a0 \u00a0 \u00a0 \u00a0 \u00a0 \u00a0 \u00a0 \u00a0 \u00a0 \u00a0 \u00a0 \u00a0 \u00a0 \u00a0 \u00a0 \u00a0IntegralEdu\u00a0 Info to\u010dka u I. gimnaziji o mogu\u0107nostima studiranja o inozemstvu<\/p>\n","protected":false},"excerpt":{"rendered":"<p>U okviru \u0160kolskog programa profesionalnog informiranja i usmjeravanja, u suradnji s IntegralEdu, u na\u0161oj \u0161koli je u ponedjeljak 15. travnja 2019.\u00a0 za zainteresirane\u00a0 maturante i\u00a0 u\u010denike ostalih razreda,\u00a0 organizirana Info to\u010dka o mogu\u0107nostima studiranja\u00a0 u inozemstvu. Bila je to prilika da u\u010denici\u00a0 koji razmi\u0161ljaju o nastavku \u0161kolovanja u inozemstvu, doznaju\u00a0 vi\u0161e o procesu prijave, odabiru [&hellip;]<\/p>\n","protected":false},"author":6,"featured_media":0,"comment_status":"closed","ping_status":"closed","sticky":false,"template":"","format":"standard","meta":{"_et_pb_use_builder":"","_et_pb_old_content":"","_et_gb_content_width":"","footnotes":""},"categories":[51],"tags":[],"class_list":["post-5454","post","type-post","status-publish","format-standard","hentry","category-profesionalna-orijentacija"],"_links":{"self":[{"href":"https:\/\/prva.hr\/index.php\/wp-json\/wp\/v2\/posts\/5454","targetHints":{"allow":["GET"]}}],"collection":[{"href":"https:\/\/prva.hr\/index.php\/wp-json\/wp\/v2\/posts"}],"about":[{"href":"https:\/\/prva.hr\/index.php\/wp-json\/wp\/v2\/types\/post"}],"author":[{"embeddable":true,"href":"https:\/\/prva.hr\/index.php\/wp-json\/wp\/v2\/users\/6"}],"replies":[{"embeddable":true,"href":"https:\/\/prva.hr\/index.php\/wp-json\/wp\/v2\/comments?post=5454"}],"version-history":[{"count":2,"href":"https:\/\/prva.hr\/index.php\/wp-json\/wp\/v2\/posts\/5454\/revisions"}],"predecessor-version":[{"id":5457,"href":"https:\/\/prva.hr\/index.php\/wp-json\/wp\/v2\/posts\/5454\/revisions\/5457"}],"wp:attachment":[{"href":"https:\/\/prva.hr\/index.php\/wp-json\/wp\/v2\/media?parent=5454"}],"wp:term":[{"taxonomy":"category","embeddable":true,"href":"https:\/\/prva.hr\/index.php\/wp-json\/wp\/v2\/categories?post=5454"},{"taxonomy":"post_tag","embeddable":true,"href":"https:\/\/prva.hr\/index.php\/wp-json\/wp\/v2\/tags?post=5454"}],"curies":[{"name":"wp","href":"https:\/\/api.w.org\/{rel}","templated":true}]}}