{"id":5487,"date":"2019-04-23T10:44:53","date_gmt":"2019-04-23T08:44:53","guid":{"rendered":"http:\/\/www.prva.hr\/?p=5487"},"modified":"2019-04-23T10:44:53","modified_gmt":"2019-04-23T08:44:53","slug":"dan-otvorenih-vrata-i-gimnazije-30-5-2019","status":"publish","type":"post","link":"https:\/\/prva.hr\/index.php\/2019\/04\/23\/dan-otvorenih-vrata-i-gimnazije-30-5-2019\/","title":{"rendered":"Dan otvorenih vrata I. gimnazije &#8211; 30.5.2019."},"content":{"rendered":"<p>Dan otvorenih vrata I. gimnazije odr\u017eat \u0107e se u \u010detvrtak, 30. svibnja 2019. godine. Detaljniji program doga\u0111anja bit \u0107e objavljen naknadno.<\/p>\n<p>Pozivaju se budu\u0107i u\u010denici da posjete \u0161tand I. gimnazije na doga\u0111anju <em>Dojdi osma\u0161<\/em>\u00a0koji \u0107e se ove godine odr\u017eati 10. svibnja 2019. na Trgu Nikole \u0160ubi\u0107a Zrinskog (Zrinjevac) od 10 do 16 sati.<\/p>\n","protected":false},"excerpt":{"rendered":"<p>Dan otvorenih vrata I. gimnazije odr\u017eat \u0107e se u \u010detvrtak, 30. svibnja 2019. godine. Detaljniji program doga\u0111anja bit \u0107e objavljen naknadno. Pozivaju se budu\u0107i u\u010denici da posjete \u0161tand I. gimnazije na doga\u0111anju Dojdi osma\u0161\u00a0koji \u0107e se ove godine odr\u017eati 10. svibnja 2019. na Trgu Nikole \u0160ubi\u0107a Zrinskog (Zrinjevac) od 10 do 16 sati.<\/p>\n","protected":false},"author":7,"featured_media":0,"comment_status":"closed","ping_status":"closed","sticky":false,"template":"","format":"standard","meta":{"_et_pb_use_builder":"","_et_pb_old_content":"","_et_gb_content_width":"","footnotes":""},"categories":[6],"tags":[],"class_list":["post-5487","post","type-post","status-publish","format-standard","hentry","category-aktualna-dogadanja"],"_links":{"self":[{"href":"https:\/\/prva.hr\/index.php\/wp-json\/wp\/v2\/posts\/5487","targetHints":{"allow":["GET"]}}],"collection":[{"href":"https:\/\/prva.hr\/index.php\/wp-json\/wp\/v2\/posts"}],"about":[{"href":"https:\/\/prva.hr\/index.php\/wp-json\/wp\/v2\/types\/post"}],"author":[{"embeddable":true,"href":"https:\/\/prva.hr\/index.php\/wp-json\/wp\/v2\/users\/7"}],"replies":[{"embeddable":true,"href":"https:\/\/prva.hr\/index.php\/wp-json\/wp\/v2\/comments?post=5487"}],"version-history":[{"count":1,"href":"https:\/\/prva.hr\/index.php\/wp-json\/wp\/v2\/posts\/5487\/revisions"}],"predecessor-version":[{"id":5488,"href":"https:\/\/prva.hr\/index.php\/wp-json\/wp\/v2\/posts\/5487\/revisions\/5488"}],"wp:attachment":[{"href":"https:\/\/prva.hr\/index.php\/wp-json\/wp\/v2\/media?parent=5487"}],"wp:term":[{"taxonomy":"category","embeddable":true,"href":"https:\/\/prva.hr\/index.php\/wp-json\/wp\/v2\/categories?post=5487"},{"taxonomy":"post_tag","embeddable":true,"href":"https:\/\/prva.hr\/index.php\/wp-json\/wp\/v2\/tags?post=5487"}],"curies":[{"name":"wp","href":"https:\/\/api.w.org\/{rel}","templated":true}]}}