{"id":5496,"date":"2019-04-29T08:30:27","date_gmt":"2019-04-29T06:30:27","guid":{"rendered":"http:\/\/www.prva.hr\/?p=5496"},"modified":"2019-04-27T21:23:14","modified_gmt":"2019-04-27T19:23:14","slug":"cetvrti-nastup-cetvrto-postolje","status":"publish","type":"post","link":"https:\/\/prva.hr\/index.php\/2019\/04\/29\/cetvrti-nastup-cetvrto-postolje\/","title":{"rendered":"\u010cetvrti nastup &#8211; \u010detvrto postolje"},"content":{"rendered":"<p>Ovogodi\u0161njim Dr\u017eavnim prvenstvom u stolnom tenisu (Pore\u010d, 24. i 25. 3. 2019.) zaokru\u017eila se jedna sjajna sportska pri\u010da. Naime, po \u010detvrti puta na\u0161e stolnotenisa\u010dice su osvojile gradsko prvenstvo i izborile nastup na Dr\u017eavnom. Te\u0161ko je izbrojiti broj dobivenih me\u010deva do finala. No tamo su nas, kao i svih godina do sada \u010dekale stolnotenisa\u010dice iz Duge Rese koje su ipak za nijansu bile bolje.<\/p>\n<p>Na\u0161e cure, po \u010detvrti put viceprvakinje, za na\u0161u vitrinu osvojile su pehar koji ih stavlja na mjesto najuspje\u0161nije ekipe svih vremena.<\/p>\n<p>Sara Su\u0161ac, Klara Barda\u010d, Marta Borovnjak i Viktorija Toki\u0107 prezentirale su nas sjajno i zaslu\u017euju na\u0161e divljenje. Sara, Klara i Marta su maturantice i posljednji put su zaigrale za \u0161kolu. Uskoro ih \u010dekaju novi izazovi. Sigurni smo da \u0107e i dalje biti uspje\u0161ne, a to im od srca i \u017eelimo.<\/p>\n<p>Jedno je sigurno \u2013 njihova imena zlatnim slovima \u0107e biti upisana u sportsku povijest Prve! Hvala im \u0161to su najbolji dio sebe ugradile u \u0161kolu!<\/p>\n<p style=\"text-align: right;\">Meri Matu\u0161an<\/p>\n<p><a href=\"http:\/\/www.prva.hr\/?attachment_id=5501\" rel=\"attachment wp-att-5501\"><img decoding=\"async\" class=\"alignnone size-medium wp-image-5501 lazyload\" data-src=\"https:\/\/www.prva.hr\/wp-content\/uploads\/2019\/04\/IMG_20190325_074101-300x225.jpg\" alt=\"\" width=\"300\" height=\"225\" data-srcset=\"https:\/\/prva.hr\/wp-content\/uploads\/2019\/04\/IMG_20190325_074101-300x225.jpg 300w, https:\/\/prva.hr\/wp-content\/uploads\/2019\/04\/IMG_20190325_074101-768x576.jpg 768w, https:\/\/prva.hr\/wp-content\/uploads\/2019\/04\/IMG_20190325_074101-1024x768.jpg 1024w, https:\/\/prva.hr\/wp-content\/uploads\/2019\/04\/IMG_20190325_074101-400x300.jpg 400w\" data-sizes=\"(max-width: 300px) 100vw, 300px\" src=\"data:image\/svg+xml;base64,PHN2ZyB3aWR0aD0iMSIgaGVpZ2h0PSIxIiB4bWxucz0iaHR0cDovL3d3dy53My5vcmcvMjAwMC9zdmciPjwvc3ZnPg==\" style=\"--smush-placeholder-width: 300px; --smush-placeholder-aspect-ratio: 300\/225;\" \/><\/a>\u00a0<a href=\"http:\/\/www.prva.hr\/?attachment_id=5500\" rel=\"attachment wp-att-5500\"><img decoding=\"async\" class=\"alignnone size-medium wp-image-5500 lazyload\" data-src=\"https:\/\/www.prva.hr\/wp-content\/uploads\/2019\/04\/IMG_20190324_102904-300x225.jpg\" alt=\"\" width=\"300\" height=\"225\" data-srcset=\"https:\/\/prva.hr\/wp-content\/uploads\/2019\/04\/IMG_20190324_102904-300x225.jpg 300w, https:\/\/prva.hr\/wp-content\/uploads\/2019\/04\/IMG_20190324_102904-768x576.jpg 768w, https:\/\/prva.hr\/wp-content\/uploads\/2019\/04\/IMG_20190324_102904-1024x768.jpg 1024w, https:\/\/prva.hr\/wp-content\/uploads\/2019\/04\/IMG_20190324_102904-400x300.jpg 400w\" data-sizes=\"(max-width: 300px) 100vw, 300px\" src=\"data:image\/svg+xml;base64,PHN2ZyB3aWR0aD0iMSIgaGVpZ2h0PSIxIiB4bWxucz0iaHR0cDovL3d3dy53My5vcmcvMjAwMC9zdmciPjwvc3ZnPg==\" style=\"--smush-placeholder-width: 300px; --smush-placeholder-aspect-ratio: 300\/225;\" \/><\/a> <a href=\"http:\/\/www.prva.hr\/?attachment_id=5499\" rel=\"attachment wp-att-5499\"><img decoding=\"async\" class=\"alignnone size-medium wp-image-5499 lazyload\" data-src=\"https:\/\/www.prva.hr\/wp-content\/uploads\/2019\/04\/IMG_20190324_102043-300x225.jpg\" alt=\"\" width=\"300\" height=\"225\" data-srcset=\"https:\/\/prva.hr\/wp-content\/uploads\/2019\/04\/IMG_20190324_102043-300x225.jpg 300w, https:\/\/prva.hr\/wp-content\/uploads\/2019\/04\/IMG_20190324_102043-768x576.jpg 768w, https:\/\/prva.hr\/wp-content\/uploads\/2019\/04\/IMG_20190324_102043-1024x768.jpg 1024w, https:\/\/prva.hr\/wp-content\/uploads\/2019\/04\/IMG_20190324_102043-400x300.jpg 400w\" data-sizes=\"(max-width: 300px) 100vw, 300px\" src=\"data:image\/svg+xml;base64,PHN2ZyB3aWR0aD0iMSIgaGVpZ2h0PSIxIiB4bWxucz0iaHR0cDovL3d3dy53My5vcmcvMjAwMC9zdmciPjwvc3ZnPg==\" style=\"--smush-placeholder-width: 300px; --smush-placeholder-aspect-ratio: 300\/225;\" \/><\/a> <a href=\"http:\/\/www.prva.hr\/?attachment_id=5498\" rel=\"attachment wp-att-5498\"><img decoding=\"async\" class=\"alignnone size-medium wp-image-5498 lazyload\" data-src=\"https:\/\/www.prva.hr\/wp-content\/uploads\/2019\/04\/IMG_20190324_101033-300x225.jpg\" alt=\"\" width=\"300\" height=\"225\" data-srcset=\"https:\/\/prva.hr\/wp-content\/uploads\/2019\/04\/IMG_20190324_101033-300x225.jpg 300w, https:\/\/prva.hr\/wp-content\/uploads\/2019\/04\/IMG_20190324_101033-768x576.jpg 768w, https:\/\/prva.hr\/wp-content\/uploads\/2019\/04\/IMG_20190324_101033-1024x768.jpg 1024w, https:\/\/prva.hr\/wp-content\/uploads\/2019\/04\/IMG_20190324_101033-400x300.jpg 400w\" data-sizes=\"(max-width: 300px) 100vw, 300px\" src=\"data:image\/svg+xml;base64,PHN2ZyB3aWR0aD0iMSIgaGVpZ2h0PSIxIiB4bWxucz0iaHR0cDovL3d3dy53My5vcmcvMjAwMC9zdmciPjwvc3ZnPg==\" style=\"--smush-placeholder-width: 300px; --smush-placeholder-aspect-ratio: 300\/225;\" \/><\/a>\u00a0<a href=\"http:\/\/www.prva.hr\/?attachment_id=5497\" rel=\"attachment wp-att-5497\"><img decoding=\"async\" class=\"size-medium wp-image-5497 alignnone lazyload\" data-src=\"https:\/\/www.prva.hr\/wp-content\/uploads\/2019\/04\/IMG_20190323_192020-300x225.jpg\" alt=\"\" width=\"300\" height=\"225\" data-srcset=\"https:\/\/prva.hr\/wp-content\/uploads\/2019\/04\/IMG_20190323_192020-300x225.jpg 300w, https:\/\/prva.hr\/wp-content\/uploads\/2019\/04\/IMG_20190323_192020-768x576.jpg 768w, https:\/\/prva.hr\/wp-content\/uploads\/2019\/04\/IMG_20190323_192020-1024x768.jpg 1024w, https:\/\/prva.hr\/wp-content\/uploads\/2019\/04\/IMG_20190323_192020-400x300.jpg 400w\" data-sizes=\"(max-width: 300px) 100vw, 300px\" src=\"data:image\/svg+xml;base64,PHN2ZyB3aWR0aD0iMSIgaGVpZ2h0PSIxIiB4bWxucz0iaHR0cDovL3d3dy53My5vcmcvMjAwMC9zdmciPjwvc3ZnPg==\" style=\"--smush-placeholder-width: 300px; --smush-placeholder-aspect-ratio: 300\/225;\" \/><\/a><\/p>\n<p>&nbsp;<\/p>\n<p>&nbsp;<\/p>\n","protected":false},"excerpt":{"rendered":"<p>Ovogodi\u0161njim Dr\u017eavnim prvenstvom u stolnom tenisu (Pore\u010d, 24. i 25. 3. 2019.) zaokru\u017eila se jedna sjajna sportska pri\u010da. Naime, po \u010detvrti puta na\u0161e stolnotenisa\u010dice su osvojile gradsko prvenstvo i izborile nastup na Dr\u017eavnom. Te\u0161ko je izbrojiti broj dobivenih me\u010deva do finala. No tamo su nas, kao i svih godina do sada \u010dekale stolnotenisa\u010dice iz Duge [&hellip;]<\/p>\n","protected":false},"author":6,"featured_media":5502,"comment_status":"closed","ping_status":"closed","sticky":false,"template":"","format":"standard","meta":{"_et_pb_use_builder":"","_et_pb_old_content":"","_et_gb_content_width":"","footnotes":""},"categories":[6],"tags":[],"class_list":["post-5496","post","type-post","status-publish","format-standard","has-post-thumbnail","hentry","category-aktualna-dogadanja"],"_links":{"self":[{"href":"https:\/\/prva.hr\/index.php\/wp-json\/wp\/v2\/posts\/5496","targetHints":{"allow":["GET"]}}],"collection":[{"href":"https:\/\/prva.hr\/index.php\/wp-json\/wp\/v2\/posts"}],"about":[{"href":"https:\/\/prva.hr\/index.php\/wp-json\/wp\/v2\/types\/post"}],"author":[{"embeddable":true,"href":"https:\/\/prva.hr\/index.php\/wp-json\/wp\/v2\/users\/6"}],"replies":[{"embeddable":true,"href":"https:\/\/prva.hr\/index.php\/wp-json\/wp\/v2\/comments?post=5496"}],"version-history":[{"count":8,"href":"https:\/\/prva.hr\/index.php\/wp-json\/wp\/v2\/posts\/5496\/revisions"}],"predecessor-version":[{"id":5541,"href":"https:\/\/prva.hr\/index.php\/wp-json\/wp\/v2\/posts\/5496\/revisions\/5541"}],"wp:featuredmedia":[{"embeddable":true,"href":"https:\/\/prva.hr\/index.php\/wp-json\/wp\/v2\/media\/5502"}],"wp:attachment":[{"href":"https:\/\/prva.hr\/index.php\/wp-json\/wp\/v2\/media?parent=5496"}],"wp:term":[{"taxonomy":"category","embeddable":true,"href":"https:\/\/prva.hr\/index.php\/wp-json\/wp\/v2\/categories?post=5496"},{"taxonomy":"post_tag","embeddable":true,"href":"https:\/\/prva.hr\/index.php\/wp-json\/wp\/v2\/tags?post=5496"}],"curies":[{"name":"wp","href":"https:\/\/api.w.org\/{rel}","templated":true}]}}