{"id":5572,"date":"2019-05-02T09:07:21","date_gmt":"2019-05-02T07:07:21","guid":{"rendered":"http:\/\/www.prva.hr\/?p=5572"},"modified":"2019-05-02T09:11:53","modified_gmt":"2019-05-02T07:11:53","slug":"maturant-i-gimnazije-dario-topic-sudjelovao-na-tribini-drzavna-matura-jucer-danassutra","status":"publish","type":"post","link":"https:\/\/prva.hr\/index.php\/2019\/05\/02\/maturant-i-gimnazije-dario-topic-sudjelovao-na-tribini-drzavna-matura-jucer-danassutra\/","title":{"rendered":"Maturant  I. gimnazije Dario Topi\u0107  sudjelovao na tribini &#8220;Dr\u017eavna matura: Ju\u010der, danas, sutra&#8221;"},"content":{"rendered":"<p><img decoding=\"async\" data-src=\"https:\/\/i1.wp.com\/www.srednja.hr\/app\/uploads\/2019\/04\/tribina_dr%C5%BEavna-matura-5.jpg?fit=840%2C560&amp;ssl=1\" src=\"data:image\/svg+xml;base64,PHN2ZyB3aWR0aD0iMSIgaGVpZ2h0PSIxIiB4bWxucz0iaHR0cDovL3d3dy53My5vcmcvMjAwMC9zdmciPjwvc3ZnPg==\" class=\"lazyload\" \/>Na\u0161 <strong>maturant Dario Topi\u0107<\/strong> iz 4.e razreda, voditelj Medijske grupe I. gimnazije,\u00a0 aktivno je sudjelovao <strong>29. travnja 2019<\/strong>. na tribini koju je organizirao portal Srednja.hr\u00a0 u suradnji s\u00a0 Zagreba\u010dkim kazali\u0161tem mladih na temu\u00a0<strong> &#8220;Dr\u017eavna matura: Ju\u010der, danas, sutra&#8221; <\/strong>uz\u00a0 \u00a0ravnateljicu NCVVO Ivanu Katavi\u0107, znanstvenika s Instituta za dru\u0161tvena istra\u017eivanja Borisa Joki\u0107a, te ostale\u00a0 uva\u017eene goste tribine.<\/p>\n<p>Vi\u0161e\u00a0 o tribini mo\u017eete pogledati na:<\/p>\n<p><a href=\"https:\/\/www.srednja.hr\/matura\/vijesti-matura\/\">https:\/\/www.srednja.hr\/matura\/vijesti-matura\/<\/a><\/p>\n","protected":false},"excerpt":{"rendered":"<p>Na\u0161 maturant Dario Topi\u0107 iz 4.e razreda, voditelj Medijske grupe I. gimnazije,\u00a0 aktivno je sudjelovao 29. travnja 2019. na tribini koju je organizirao portal Srednja.hr\u00a0 u suradnji s\u00a0 Zagreba\u010dkim kazali\u0161tem mladih na temu\u00a0 &#8220;Dr\u017eavna matura: Ju\u010der, danas, sutra&#8221; uz\u00a0 \u00a0ravnateljicu NCVVO Ivanu Katavi\u0107, znanstvenika s Instituta za dru\u0161tvena istra\u017eivanja Borisa Joki\u0107a, te ostale\u00a0 uva\u017eene goste [&hellip;]<\/p>\n","protected":false},"author":6,"featured_media":0,"comment_status":"closed","ping_status":"closed","sticky":false,"template":"","format":"standard","meta":{"_et_pb_use_builder":"","_et_pb_old_content":"","_et_gb_content_width":"","footnotes":""},"categories":[52],"tags":[],"class_list":["post-5572","post","type-post","status-publish","format-standard","hentry","category-mediji-skola-u-medijima"],"_links":{"self":[{"href":"https:\/\/prva.hr\/index.php\/wp-json\/wp\/v2\/posts\/5572","targetHints":{"allow":["GET"]}}],"collection":[{"href":"https:\/\/prva.hr\/index.php\/wp-json\/wp\/v2\/posts"}],"about":[{"href":"https:\/\/prva.hr\/index.php\/wp-json\/wp\/v2\/types\/post"}],"author":[{"embeddable":true,"href":"https:\/\/prva.hr\/index.php\/wp-json\/wp\/v2\/users\/6"}],"replies":[{"embeddable":true,"href":"https:\/\/prva.hr\/index.php\/wp-json\/wp\/v2\/comments?post=5572"}],"version-history":[{"count":3,"href":"https:\/\/prva.hr\/index.php\/wp-json\/wp\/v2\/posts\/5572\/revisions"}],"predecessor-version":[{"id":5575,"href":"https:\/\/prva.hr\/index.php\/wp-json\/wp\/v2\/posts\/5572\/revisions\/5575"}],"wp:attachment":[{"href":"https:\/\/prva.hr\/index.php\/wp-json\/wp\/v2\/media?parent=5572"}],"wp:term":[{"taxonomy":"category","embeddable":true,"href":"https:\/\/prva.hr\/index.php\/wp-json\/wp\/v2\/categories?post=5572"},{"taxonomy":"post_tag","embeddable":true,"href":"https:\/\/prva.hr\/index.php\/wp-json\/wp\/v2\/tags?post=5572"}],"curies":[{"name":"wp","href":"https:\/\/api.w.org\/{rel}","templated":true}]}}