{"id":5645,"date":"2019-05-13T11:28:09","date_gmt":"2019-05-13T09:28:09","guid":{"rendered":"http:\/\/www.prva.hr\/?p=5645"},"modified":"2019-05-13T11:28:10","modified_gmt":"2019-05-13T09:28:10","slug":"prezentacija-o-cernu-putovanje-u-srediste-atoma","status":"publish","type":"post","link":"https:\/\/prva.hr\/index.php\/2019\/05\/13\/prezentacija-o-cernu-putovanje-u-srediste-atoma\/","title":{"rendered":"PREZENTACIJA O CERNU &#8220;Putovanje u sredi\u0161te atoma&#8221;"},"content":{"rendered":"<p>U okviru \u0160kolskog programa profesionalnog informiranja i usmjeravanja u ponedjeljak<strong>\u00a013. svibnja 2019.<\/strong>\u00a0 prof. fizike i matematike\u00a0 I.gimnazija\u00a0<strong>Suzana \u0160ijan<\/strong> odr\u017eat \u0107e prezentaciju o posjetu <strong>CERNU<\/strong> u \u0160vicarskoj pod nazivom\u00a0\u00a0<strong>&#8220;Putovanje u sredi\u0161te atoma&#8221;. <\/strong><\/p>\n<p>Pozivaju se zainteresirani u\u010denici i nastavnici da do\u0111u na\u00a0 prezentaciju u\u00a0 14.05 sati u kino dvoranu \u0161kole.<\/p>\n<p><a href=\"http:\/\/www.prva.hr\/index.php\/2019\/05\/13\/prezentacija-o-cernu-putovanje-u-srediste-atoma\/cern\/\" rel=\"attachment wp-att-5647\"><img decoding=\"async\" class=\"alignnone  wp-image-5647 lazyload\" data-src=\"https:\/\/www.prva.hr\/wp-content\/uploads\/2019\/05\/cern.jpg\" alt=\"\" width=\"129\" height=\"128\" data-srcset=\"https:\/\/prva.hr\/wp-content\/uploads\/2019\/05\/cern.jpg 225w, https:\/\/prva.hr\/wp-content\/uploads\/2019\/05\/cern-150x150.jpg 150w\" data-sizes=\"(max-width: 129px) 100vw, 129px\" src=\"data:image\/svg+xml;base64,PHN2ZyB3aWR0aD0iMSIgaGVpZ2h0PSIxIiB4bWxucz0iaHR0cDovL3d3dy53My5vcmcvMjAwMC9zdmciPjwvc3ZnPg==\" style=\"--smush-placeholder-width: 129px; --smush-placeholder-aspect-ratio: 129\/128;\" \/><\/a> <a href=\"http:\/\/www.prva.hr\/index.php\/2019\/05\/13\/prezentacija-o-cernu-putovanje-u-srediste-atoma\/images-cern2\/\" rel=\"attachment wp-att-5648\"><img decoding=\"async\" class=\"alignnone  wp-image-5648 lazyload\" data-src=\"https:\/\/www.prva.hr\/wp-content\/uploads\/2019\/05\/images-cern2-300x168.jpg\" alt=\"\" width=\"209\" height=\"117\" src=\"data:image\/svg+xml;base64,PHN2ZyB3aWR0aD0iMSIgaGVpZ2h0PSIxIiB4bWxucz0iaHR0cDovL3d3dy53My5vcmcvMjAwMC9zdmciPjwvc3ZnPg==\" style=\"--smush-placeholder-width: 209px; --smush-placeholder-aspect-ratio: 209\/117;\" \/><\/a><\/p>\n","protected":false},"excerpt":{"rendered":"<p>U okviru \u0160kolskog programa profesionalnog informiranja i usmjeravanja u ponedjeljak\u00a013. svibnja 2019.\u00a0 prof. fizike i matematike\u00a0 I.gimnazija\u00a0Suzana \u0160ijan odr\u017eat \u0107e prezentaciju o posjetu CERNU u \u0160vicarskoj pod nazivom\u00a0\u00a0&#8220;Putovanje u sredi\u0161te atoma&#8221;. Pozivaju se zainteresirani u\u010denici i nastavnici da do\u0111u na\u00a0 prezentaciju u\u00a0 14.05 sati u kino dvoranu \u0161kole.<\/p>\n","protected":false},"author":6,"featured_media":0,"comment_status":"closed","ping_status":"closed","sticky":false,"template":"","format":"standard","meta":{"_et_pb_use_builder":"","_et_pb_old_content":"","_et_gb_content_width":"","footnotes":""},"categories":[11],"tags":[],"class_list":["post-5645","post","type-post","status-publish","format-standard","hentry","category-najave"],"_links":{"self":[{"href":"https:\/\/prva.hr\/index.php\/wp-json\/wp\/v2\/posts\/5645","targetHints":{"allow":["GET"]}}],"collection":[{"href":"https:\/\/prva.hr\/index.php\/wp-json\/wp\/v2\/posts"}],"about":[{"href":"https:\/\/prva.hr\/index.php\/wp-json\/wp\/v2\/types\/post"}],"author":[{"embeddable":true,"href":"https:\/\/prva.hr\/index.php\/wp-json\/wp\/v2\/users\/6"}],"replies":[{"embeddable":true,"href":"https:\/\/prva.hr\/index.php\/wp-json\/wp\/v2\/comments?post=5645"}],"version-history":[{"count":2,"href":"https:\/\/prva.hr\/index.php\/wp-json\/wp\/v2\/posts\/5645\/revisions"}],"predecessor-version":[{"id":5650,"href":"https:\/\/prva.hr\/index.php\/wp-json\/wp\/v2\/posts\/5645\/revisions\/5650"}],"wp:attachment":[{"href":"https:\/\/prva.hr\/index.php\/wp-json\/wp\/v2\/media?parent=5645"}],"wp:term":[{"taxonomy":"category","embeddable":true,"href":"https:\/\/prva.hr\/index.php\/wp-json\/wp\/v2\/categories?post=5645"},{"taxonomy":"post_tag","embeddable":true,"href":"https:\/\/prva.hr\/index.php\/wp-json\/wp\/v2\/tags?post=5645"}],"curies":[{"name":"wp","href":"https:\/\/api.w.org\/{rel}","templated":true}]}}