{"id":5651,"date":"2019-05-13T12:38:52","date_gmt":"2019-05-13T10:38:52","guid":{"rendered":"http:\/\/www.prva.hr\/?p=5651"},"modified":"2019-05-13T12:38:52","modified_gmt":"2019-05-13T10:38:52","slug":"sudjelovanje-u-projektu-mladi-za-ravnopravno-drustvo","status":"publish","type":"post","link":"https:\/\/prva.hr\/index.php\/2019\/05\/13\/sudjelovanje-u-projektu-mladi-za-ravnopravno-drustvo\/","title":{"rendered":"Sudjelovanje u projektu &#8220;Mladi za ravnopravno dru\u0161tvo&#8221;"},"content":{"rendered":"<p>\u017denska soba &#8211; Centar za seksualna prava tijekom 2019. godine provodi projekt &#8220;Mladi za ravnopravno dru\u0161tvo&#8221;, koji za cilj ima osna\u017eivanje i poticanje mladih za preuzimanje aktivne uloge u postizanju rodne ravnopravnosti. I. gimnazija je u ovom projektu, zajedno s U\u010deni\u010dkim domom \u0160kole za primalje suradni\u010dka organizacija.<\/p>\n<p>U srijedu, 27. o\u017eujka 2019. godine predstavnice \u017denske sobe odr\u017eale su radionicu na temu rodne ravnopravnosti za u\u010denike koji su \u010dlanovi Medijske grupe, odnosno Debatne skupine I. gimnazije.<\/p>\n<p><a href=\"http:\/\/www.prva.hr\/index.php\/2019\/05\/13\/sudjelovanje-u-projektu-mladi-za-ravnopravno-drustvo\/edukacija-na-temu-rodne-ravnopravnosti-za-ucenike-i-gimnazije\/\" rel=\"attachment wp-att-5653\"><img decoding=\"async\" class=\"size-medium wp-image-5653 aligncenter lazyload\" data-src=\"https:\/\/www.prva.hr\/wp-content\/uploads\/2019\/05\/Edukacija-na-temu-rodne-ravnopravnosti-za-u\u010denike-I.-gimnazije-300x225.jpg\" alt=\"\" width=\"300\" height=\"225\" data-srcset=\"https:\/\/prva.hr\/wp-content\/uploads\/2019\/05\/Edukacija-na-temu-rodne-ravnopravnosti-za-u\u010denike-I.-gimnazije-300x225.jpg 300w, https:\/\/prva.hr\/wp-content\/uploads\/2019\/05\/Edukacija-na-temu-rodne-ravnopravnosti-za-u\u010denike-I.-gimnazije-768x576.jpg 768w, https:\/\/prva.hr\/wp-content\/uploads\/2019\/05\/Edukacija-na-temu-rodne-ravnopravnosti-za-u\u010denike-I.-gimnazije-1024x768.jpg 1024w, https:\/\/prva.hr\/wp-content\/uploads\/2019\/05\/Edukacija-na-temu-rodne-ravnopravnosti-za-u\u010denike-I.-gimnazije-400x300.jpg 400w, https:\/\/prva.hr\/wp-content\/uploads\/2019\/05\/Edukacija-na-temu-rodne-ravnopravnosti-za-u\u010denike-I.-gimnazije.jpg 1600w\" data-sizes=\"(max-width: 300px) 100vw, 300px\" src=\"data:image\/svg+xml;base64,PHN2ZyB3aWR0aD0iMSIgaGVpZ2h0PSIxIiB4bWxucz0iaHR0cDovL3d3dy53My5vcmcvMjAwMC9zdmciPjwvc3ZnPg==\" style=\"--smush-placeholder-width: 300px; --smush-placeholder-aspect-ratio: 300\/225;\" \/><\/a><\/p>\n<p>Potom su u ponedjeljak, 6. svibnja 2019. godine \u010dlanovi Debatne skupine I. gimnazije odr\u017eali radionicu o na\u010delima debatiranja za sudionike u projektu, to\u010dnije korisnice U\u010deni\u010dkog doma \u0160kole za primalje i korisnike zagreba\u010dkih studentskih domova. Medijska grupa I. gimnazije naknadno \u0107e se uklju\u010diti u projekt poma\u017eu\u0107i u promociji projekta putem dru\u0161tvenih mre\u017ea.<\/p>\n<p><a href=\"http:\/\/www.prva.hr\/index.php\/2019\/05\/13\/sudjelovanje-u-projektu-mladi-za-ravnopravno-drustvo\/debatanti-i-gimnazije-poucavaju-sudionike-nacelima-debatiranja\/\" rel=\"attachment wp-att-5652\"><img decoding=\"async\" class=\"size-medium wp-image-5652 aligncenter lazyload\" data-src=\"https:\/\/www.prva.hr\/wp-content\/uploads\/2019\/05\/Debatanti-I.-gimnazije-pou\u010davaju-sudionike-na\u010delima-debatiranja-300x225.jpg\" alt=\"\" width=\"300\" height=\"225\" data-srcset=\"https:\/\/prva.hr\/wp-content\/uploads\/2019\/05\/Debatanti-I.-gimnazije-pou\u010davaju-sudionike-na\u010delima-debatiranja-300x225.jpg 300w, https:\/\/prva.hr\/wp-content\/uploads\/2019\/05\/Debatanti-I.-gimnazije-pou\u010davaju-sudionike-na\u010delima-debatiranja-768x576.jpg 768w, https:\/\/prva.hr\/wp-content\/uploads\/2019\/05\/Debatanti-I.-gimnazije-pou\u010davaju-sudionike-na\u010delima-debatiranja-1024x768.jpg 1024w, https:\/\/prva.hr\/wp-content\/uploads\/2019\/05\/Debatanti-I.-gimnazije-pou\u010davaju-sudionike-na\u010delima-debatiranja-400x300.jpg 400w, https:\/\/prva.hr\/wp-content\/uploads\/2019\/05\/Debatanti-I.-gimnazije-pou\u010davaju-sudionike-na\u010delima-debatiranja.jpg 1600w\" data-sizes=\"(max-width: 300px) 100vw, 300px\" src=\"data:image\/svg+xml;base64,PHN2ZyB3aWR0aD0iMSIgaGVpZ2h0PSIxIiB4bWxucz0iaHR0cDovL3d3dy53My5vcmcvMjAwMC9zdmciPjwvc3ZnPg==\" style=\"--smush-placeholder-width: 300px; --smush-placeholder-aspect-ratio: 300\/225;\" \/><\/a><\/p>\n<p>Nastavak aktivnosti u sklopu projekta o\u010dekuje se u rujnu.<\/p>\n","protected":false},"excerpt":{"rendered":"<p>\u017denska soba &#8211; Centar za seksualna prava tijekom 2019. godine provodi projekt &#8220;Mladi za ravnopravno dru\u0161tvo&#8221;, koji za cilj ima osna\u017eivanje i poticanje mladih za preuzimanje aktivne uloge u postizanju rodne ravnopravnosti. I. gimnazija je u ovom projektu, zajedno s U\u010deni\u010dkim domom \u0160kole za primalje suradni\u010dka organizacija. U srijedu, 27. o\u017eujka 2019. godine predstavnice \u017denske [&hellip;]<\/p>\n","protected":false},"author":6,"featured_media":0,"comment_status":"closed","ping_status":"closed","sticky":false,"template":"","format":"standard","meta":{"_et_pb_use_builder":"","_et_pb_old_content":"","_et_gb_content_width":"","footnotes":""},"categories":[13],"tags":[],"class_list":["post-5651","post","type-post","status-publish","format-standard","hentry","category-preventivni-program"],"_links":{"self":[{"href":"https:\/\/prva.hr\/index.php\/wp-json\/wp\/v2\/posts\/5651","targetHints":{"allow":["GET"]}}],"collection":[{"href":"https:\/\/prva.hr\/index.php\/wp-json\/wp\/v2\/posts"}],"about":[{"href":"https:\/\/prva.hr\/index.php\/wp-json\/wp\/v2\/types\/post"}],"author":[{"embeddable":true,"href":"https:\/\/prva.hr\/index.php\/wp-json\/wp\/v2\/users\/6"}],"replies":[{"embeddable":true,"href":"https:\/\/prva.hr\/index.php\/wp-json\/wp\/v2\/comments?post=5651"}],"version-history":[{"count":4,"href":"https:\/\/prva.hr\/index.php\/wp-json\/wp\/v2\/posts\/5651\/revisions"}],"predecessor-version":[{"id":5657,"href":"https:\/\/prva.hr\/index.php\/wp-json\/wp\/v2\/posts\/5651\/revisions\/5657"}],"wp:attachment":[{"href":"https:\/\/prva.hr\/index.php\/wp-json\/wp\/v2\/media?parent=5651"}],"wp:term":[{"taxonomy":"category","embeddable":true,"href":"https:\/\/prva.hr\/index.php\/wp-json\/wp\/v2\/categories?post=5651"},{"taxonomy":"post_tag","embeddable":true,"href":"https:\/\/prva.hr\/index.php\/wp-json\/wp\/v2\/tags?post=5651"}],"curies":[{"name":"wp","href":"https:\/\/api.w.org\/{rel}","templated":true}]}}