{"id":5706,"date":"2019-05-17T15:19:53","date_gmt":"2019-05-17T13:19:53","guid":{"rendered":"http:\/\/www.prva.hr\/?p=5706"},"modified":"2019-05-17T15:19:53","modified_gmt":"2019-05-17T13:19:53","slug":"akcija-12-minuta-kretanja-protiv-raka-2019","status":"publish","type":"post","link":"https:\/\/prva.hr\/index.php\/2019\/05\/17\/akcija-12-minuta-kretanja-protiv-raka-2019\/","title":{"rendered":"Akcija &#8220;12 minuta kretanja protiv raka 2019&#8221;"},"content":{"rendered":"<p>U subotu, 18. svibnja 2019. godine u 09:00 sati \u0107e se odr\u017eati javnozdravstvena akcija &#8220;12 minuta kretanja protiv raka 2019&#8221; koju podr\u017eava Gradski ured za sport i mlade Grada Zagreba.\u00a0 Akcija \u0107e se odr\u017eati na\u00a0Rekreacijsko sportskom centru &#8220;Jarun&#8221;, ko\u0161arka\u0161kom igrali\u0161tu na zapadnom dijelu te na pje\u0161a\u010dkoj stazi od igrali\u0161ta do Doma Vesla\u010da.<\/p>\n<p>Osim sportskog, Akcija ima i edukativni karakter jer ukazuje na 12 klju\u010dnih mjera u prevenciji zlo\u0107udnih bolesti i \u0161alje va\u017enu poruku da je najva\u017enije bolest sprije\u010diti a ne lije\u010diti, stoga pozivamo u\u010denike 3. i 4. razreda da sudjeluju u ovoj hvalevrijednoj akciji.<\/p>\n","protected":false},"excerpt":{"rendered":"<p>U subotu, 18. svibnja 2019. godine u 09:00 sati \u0107e se odr\u017eati javnozdravstvena akcija &#8220;12 minuta kretanja protiv raka 2019&#8221; koju podr\u017eava Gradski ured za sport i mlade Grada Zagreba.\u00a0 Akcija \u0107e se odr\u017eati na\u00a0Rekreacijsko sportskom centru &#8220;Jarun&#8221;, ko\u0161arka\u0161kom igrali\u0161tu na zapadnom dijelu te na pje\u0161a\u010dkoj stazi od igrali\u0161ta do Doma Vesla\u010da. Osim sportskog, Akcija [&hellip;]<\/p>\n","protected":false},"author":6,"featured_media":0,"comment_status":"closed","ping_status":"closed","sticky":false,"template":"","format":"standard","meta":{"_et_pb_use_builder":"","_et_pb_old_content":"","_et_gb_content_width":"","footnotes":""},"categories":[14],"tags":[],"class_list":["post-5706","post","type-post","status-publish","format-standard","hentry","category-dogadanja-izvan-skole"],"_links":{"self":[{"href":"https:\/\/prva.hr\/index.php\/wp-json\/wp\/v2\/posts\/5706","targetHints":{"allow":["GET"]}}],"collection":[{"href":"https:\/\/prva.hr\/index.php\/wp-json\/wp\/v2\/posts"}],"about":[{"href":"https:\/\/prva.hr\/index.php\/wp-json\/wp\/v2\/types\/post"}],"author":[{"embeddable":true,"href":"https:\/\/prva.hr\/index.php\/wp-json\/wp\/v2\/users\/6"}],"replies":[{"embeddable":true,"href":"https:\/\/prva.hr\/index.php\/wp-json\/wp\/v2\/comments?post=5706"}],"version-history":[{"count":1,"href":"https:\/\/prva.hr\/index.php\/wp-json\/wp\/v2\/posts\/5706\/revisions"}],"predecessor-version":[{"id":5709,"href":"https:\/\/prva.hr\/index.php\/wp-json\/wp\/v2\/posts\/5706\/revisions\/5709"}],"wp:attachment":[{"href":"https:\/\/prva.hr\/index.php\/wp-json\/wp\/v2\/media?parent=5706"}],"wp:term":[{"taxonomy":"category","embeddable":true,"href":"https:\/\/prva.hr\/index.php\/wp-json\/wp\/v2\/categories?post=5706"},{"taxonomy":"post_tag","embeddable":true,"href":"https:\/\/prva.hr\/index.php\/wp-json\/wp\/v2\/tags?post=5706"}],"curies":[{"name":"wp","href":"https:\/\/api.w.org\/{rel}","templated":true}]}}