{"id":5714,"date":"2019-05-22T11:00:01","date_gmt":"2019-05-22T09:00:01","guid":{"rendered":"http:\/\/www.prva.hr\/?p=5714"},"modified":"2025-12-04T09:45:43","modified_gmt":"2025-12-04T08:45:43","slug":"suvremena-nastava-stem-podrucja-drugi-posjet-prvoj-gimnaziji-maribor-u-sklopu-projekta-stem-na-kvadrat","status":"publish","type":"post","link":"https:\/\/prva.hr\/index.php\/2019\/05\/22\/suvremena-nastava-stem-podrucja-drugi-posjet-prvoj-gimnaziji-maribor-u-sklopu-projekta-stem-na-kvadrat\/","title":{"rendered":"Suvremena nastava STEM podru\u010dja \u2013 drugi posjet Prvoj gimnaziji Maribor u sklopu projekta \u201cSTEM na kvadrat\u201d"},"content":{"rendered":"<p>U o\u017eujku 2019. godine profesorica kemije Snje\u017eana Liber i profesorica biologije Ivana Gambiro\u017ea posjetile su mariborsku Prvu gimnaziju, u sklopu projekta \u201dSTEM na kvadrat\u201d, kao dijela programa mobilnosti ERASMUS+ KA 1 (job shadowing). S obzirom da je cilj posjeta bio dodatno unaprijediti nastavu STEM podru\u010dja u I. gimnaziji, kolege iz mariborske gimnazije organizirali su niz aktivnosti u kojima su na\u0161e profesorice aktivno sudjelovale.<\/p>\n<p>Izvanu\u010dioni\u010dka nastava, kao jedan od va\u017enih aspekata suvremene nastave, bila je tema na koju je stavljen poseban naglasak tijekom boravka na\u0161ih profesorica u Mariboru. Imale su priliku sudjelovati u izvanu\u010dioni\u010dkoj nastavi te na taj na\u010din neposredno uspore\u0111ivati na\u010din provo\u0111enja takvog oblika nastave u hrvatskom i slovenskom kontekstu, kao i analizirati obrazovne ishode i uspore\u0111ivati ih s ishodima postignutim u u\u010dionici.<\/p>\n<p><a href=\"http:\/\/www.prva.hr\/?attachment_id=5715\" rel=\"attachment wp-att-5715\">\u00a0 \u00a0 \u00a0<img decoding=\"async\" class=\"alignnone size-medium wp-image-5715 lazyload\" data-src=\"https:\/\/www.prva.hr\/wp-content\/uploads\/2019\/05\/na-terenskoj-nastavi-ZOO-vrt-e1558298687127-225x300.jpg\" alt=\"\" width=\"225\" height=\"300\" data-srcset=\"https:\/\/prva.hr\/wp-content\/uploads\/2019\/05\/na-terenskoj-nastavi-ZOO-vrt-e1558298687127-225x300.jpg 225w, https:\/\/prva.hr\/wp-content\/uploads\/2019\/05\/na-terenskoj-nastavi-ZOO-vrt-e1558298687127-768x1024.jpg 768w\" data-sizes=\"(max-width: 225px) 100vw, 225px\" src=\"data:image\/svg+xml;base64,PHN2ZyB3aWR0aD0iMSIgaGVpZ2h0PSIxIiB4bWxucz0iaHR0cDovL3d3dy53My5vcmcvMjAwMC9zdmciPjwvc3ZnPg==\" style=\"--smush-placeholder-width: 225px; --smush-placeholder-aspect-ratio: 225\/300;\" \/><\/a>\u00a0 \u00a0 \u00a0 \u00a0\u00a0<a href=\"http:\/\/www.prva.hr\/?attachment_id=5716\" rel=\"attachment wp-att-5716\"><img decoding=\"async\" class=\"alignnone size-medium wp-image-5716 lazyload\" data-src=\"https:\/\/www.prva.hr\/wp-content\/uploads\/2019\/05\/na-vje\u017ebama-..biotehnolo\u0161ki-fakultet-u-Ljubljani-e1558298723619-225x300.jpg\" alt=\"\" width=\"225\" height=\"300\" data-srcset=\"https:\/\/prva.hr\/wp-content\/uploads\/2019\/05\/na-vje\u017ebama-..biotehnolo\u0161ki-fakultet-u-Ljubljani-e1558298723619-225x300.jpg 225w, https:\/\/prva.hr\/wp-content\/uploads\/2019\/05\/na-vje\u017ebama-..biotehnolo\u0161ki-fakultet-u-Ljubljani-e1558298723619-768x1024.jpg 768w\" data-sizes=\"(max-width: 225px) 100vw, 225px\" src=\"data:image\/svg+xml;base64,PHN2ZyB3aWR0aD0iMSIgaGVpZ2h0PSIxIiB4bWxucz0iaHR0cDovL3d3dy53My5vcmcvMjAwMC9zdmciPjwvc3ZnPg==\" style=\"--smush-placeholder-width: 225px; --smush-placeholder-aspect-ratio: 225\/300;\" \/><\/a><\/p>\n<p>Na okruglom stolu o konceptu, sadr\u017eaju i evaluaciji ispita hrvatske i slovenske dr\u017eavne mature uspore\u0111ivali su se planirani ishodi u kurikulumu, tematizirali potencijali problemi u realizaciji istih ali i nudili na\u010dini za njihovo rje\u0161avanje. Osim o provo\u0111enju dr\u017eavne mature, na\u0161e profesorice su imale priliku raspravljati i o sustavu u\u010deni\u010dkih natjecanja iz predmeta STEM podru\u010dja u Hrvatskoj i Sloveniji, konceptu, sadr\u017eaju i evaluaciji ispita za sve gimnazijske razrede te na\u010dinima pripremanja za iste, pri \u010demu su se razmjenjivali primjere dobre prakse.<\/p>\n<p>Na kraju svog boravka u Mariboru, profesorice Gambiro\u017ea i Liber upoznale su se i s bogatim kulturno-povijesnim znamenitostima grada Maribora u pratnji mariborskih kolega te su zajedni\u010dki provedeno vrijeme iskoristile za daljnje povezivanje i suradnju u svrhu ostvarenja cilja unapre\u0111ivanja nastave STEM podru\u010dja.<\/p>\n<p><a href=\"http:\/\/www.prva.hr\/?attachment_id=5718\" rel=\"attachment wp-att-5718\">\u00a0 \u00a0 \u00a0\u00a0<img decoding=\"async\" class=\"alignnone size-medium wp-image-5718 lazyload\" data-src=\"https:\/\/www.prva.hr\/wp-content\/uploads\/2019\/05\/Kemi\u010darke-Prve-i-Prve-e1558298863924-225x300.jpg\" alt=\"\" width=\"225\" height=\"300\" data-srcset=\"https:\/\/prva.hr\/wp-content\/uploads\/2019\/05\/Kemi\u010darke-Prve-i-Prve-e1558298863924-225x300.jpg 225w, https:\/\/prva.hr\/wp-content\/uploads\/2019\/05\/Kemi\u010darke-Prve-i-Prve-e1558298863924-768x1024.jpg 768w\" data-sizes=\"(max-width: 225px) 100vw, 225px\" src=\"data:image\/svg+xml;base64,PHN2ZyB3aWR0aD0iMSIgaGVpZ2h0PSIxIiB4bWxucz0iaHR0cDovL3d3dy53My5vcmcvMjAwMC9zdmciPjwvc3ZnPg==\" style=\"--smush-placeholder-width: 225px; --smush-placeholder-aspect-ratio: 225\/300;\" \/>\u00a0 \u00a0 \u00a0 \u00a0\u00a0<\/a> <a href=\"http:\/\/www.prva.hr\/?attachment_id=5719\" rel=\"attachment wp-att-5719\"><img decoding=\"async\" class=\"alignnone wp-image-5719 lazyload\" data-src=\"https:\/\/www.prva.hr\/wp-content\/uploads\/2019\/05\/Maribor-njem._-Marburg-an-der-Drau-je-grad-u-Republici-Sloveniji-s-otprilike-113.000-stanovnika-\u0161to-ga-\u010dini-drugim-po-veli\u010dini-gradom-u-Sloveniji-e1558298921702-225x300.jpg\" alt=\"\" width=\"224\" height=\"300\" data-srcset=\"https:\/\/prva.hr\/wp-content\/uploads\/2019\/05\/Maribor-njem._-Marburg-an-der-Drau-je-grad-u-Republici-Sloveniji-s-otprilike-113.000-stanovnika-\u0161to-ga-\u010dini-drugim-po-veli\u010dini-gradom-u-Sloveniji-e1558298921702-225x300.jpg 225w, https:\/\/prva.hr\/wp-content\/uploads\/2019\/05\/Maribor-njem._-Marburg-an-der-Drau-je-grad-u-Republici-Sloveniji-s-otprilike-113.000-stanovnika-\u0161to-ga-\u010dini-drugim-po-veli\u010dini-gradom-u-Sloveniji-e1558298921702-768x1024.jpg 768w\" data-sizes=\"(max-width: 224px) 100vw, 224px\" src=\"data:image\/svg+xml;base64,PHN2ZyB3aWR0aD0iMSIgaGVpZ2h0PSIxIiB4bWxucz0iaHR0cDovL3d3dy53My5vcmcvMjAwMC9zdmciPjwvc3ZnPg==\" style=\"--smush-placeholder-width: 224px; --smush-placeholder-aspect-ratio: 224\/300;\" \/><\/a><\/p>\n<p>&nbsp;<\/p>\n<p><a href=\"http:\/\/www.prva.hr\/index.php\/2019\/02\/15\/posjet-prvoj-gimnaziji-maribor-u-sklopu-projekta-stem-na-kvadrat\/logosbeneficaireserasmusright_hr\/\" rel=\"attachment wp-att-4840\"><img decoding=\"async\" class=\"alignnone size-medium wp-image-4840 lazyload\" data-src=\"https:\/\/www.prva.hr\/wp-content\/uploads\/2019\/02\/logosbeneficaireserasmusright_hr-300x62.jpg\" alt=\"\" width=\"300\" height=\"62\" data-srcset=\"https:\/\/prva.hr\/wp-content\/uploads\/2019\/02\/logosbeneficaireserasmusright_hr-300x62.jpg 300w, https:\/\/prva.hr\/wp-content\/uploads\/2019\/02\/logosbeneficaireserasmusright_hr-768x158.jpg 768w, https:\/\/prva.hr\/wp-content\/uploads\/2019\/02\/logosbeneficaireserasmusright_hr-1024x210.jpg 1024w, https:\/\/prva.hr\/wp-content\/uploads\/2019\/02\/logosbeneficaireserasmusright_hr-400x82.jpg 400w\" data-sizes=\"(max-width: 300px) 100vw, 300px\" src=\"data:image\/svg+xml;base64,PHN2ZyB3aWR0aD0iMSIgaGVpZ2h0PSIxIiB4bWxucz0iaHR0cDovL3d3dy53My5vcmcvMjAwMC9zdmciPjwvc3ZnPg==\" style=\"--smush-placeholder-width: 300px; --smush-placeholder-aspect-ratio: 300\/62;\" \/><\/a><\/p>\n<p>&nbsp;<\/p>\n<p>O aktivnostima u kojima su tako\u0111er sudjelovale na\u0161e profesorice tijekom svog boravka u Mariboru, mo\u017eete pro\u010ditati u <a href=\"https:\/\/www.prva.hr\/index.php\/2019\/04\/05\/motivacija-ucenika-kao-kljuc-uspjeha-drugi-posjet-prvoj-gimnaziji-maribor-u-sklopu-projekta-stem-na-kvadrat\/\">prethodnoj objavi<\/a>, a vi\u0161e o samom\u00a0programu Erasmus + mo\u017eete pro\u010ditati\u00a0<a href=\"https:\/\/www.prva.hr\/wp-content\/uploads\/2019\/02\/Erasmus-bro%C5%A1ura.pdf\">ovdje<\/a><\/p>\n","protected":false},"excerpt":{"rendered":"<p>U o\u017eujku 2019. godine profesorica kemije Snje\u017eana Liber i profesorica biologije Ivana Gambiro\u017ea posjetile su mariborsku Prvu gimnaziju, u sklopu projekta \u201dSTEM na kvadrat\u201d, kao dijela programa mobilnosti ERASMUS+ KA 1 (job shadowing). S obzirom da je cilj posjeta bio dodatno unaprijediti nastavu STEM podru\u010dja u I. gimnaziji, kolege iz mariborske gimnazije organizirali su niz [&hellip;]<\/p>\n","protected":false},"author":6,"featured_media":0,"comment_status":"closed","ping_status":"closed","sticky":false,"template":"","format":"standard","meta":{"_et_pb_use_builder":"","_et_pb_old_content":"","_et_gb_content_width":"","footnotes":""},"categories":[66,148],"tags":[],"class_list":["post-5714","post","type-post","status-publish","format-standard","hentry","category-aktivnosti-projekti-erasmus","category-erasmus-aktivnosti"],"_links":{"self":[{"href":"https:\/\/prva.hr\/index.php\/wp-json\/wp\/v2\/posts\/5714","targetHints":{"allow":["GET"]}}],"collection":[{"href":"https:\/\/prva.hr\/index.php\/wp-json\/wp\/v2\/posts"}],"about":[{"href":"https:\/\/prva.hr\/index.php\/wp-json\/wp\/v2\/types\/post"}],"author":[{"embeddable":true,"href":"https:\/\/prva.hr\/index.php\/wp-json\/wp\/v2\/users\/6"}],"replies":[{"embeddable":true,"href":"https:\/\/prva.hr\/index.php\/wp-json\/wp\/v2\/comments?post=5714"}],"version-history":[{"count":6,"href":"https:\/\/prva.hr\/index.php\/wp-json\/wp\/v2\/posts\/5714\/revisions"}],"predecessor-version":[{"id":5726,"href":"https:\/\/prva.hr\/index.php\/wp-json\/wp\/v2\/posts\/5714\/revisions\/5726"}],"wp:attachment":[{"href":"https:\/\/prva.hr\/index.php\/wp-json\/wp\/v2\/media?parent=5714"}],"wp:term":[{"taxonomy":"category","embeddable":true,"href":"https:\/\/prva.hr\/index.php\/wp-json\/wp\/v2\/categories?post=5714"},{"taxonomy":"post_tag","embeddable":true,"href":"https:\/\/prva.hr\/index.php\/wp-json\/wp\/v2\/tags?post=5714"}],"curies":[{"name":"wp","href":"https:\/\/api.w.org\/{rel}","templated":true}]}}