{"id":5757,"date":"2019-05-22T16:46:04","date_gmt":"2019-05-22T14:46:04","guid":{"rendered":"http:\/\/www.prva.hr\/?p=5757"},"modified":"2019-05-24T13:57:14","modified_gmt":"2019-05-24T11:57:14","slug":"kreativno-druzenje-na-projektu-medunarodne-suradnje-u-mariboru","status":"publish","type":"post","link":"https:\/\/prva.hr\/index.php\/2019\/05\/22\/kreativno-druzenje-na-projektu-medunarodne-suradnje-u-mariboru\/","title":{"rendered":"KREATIVNO DRU\u017dENJE NA PROJEKTU ME\u0110UNARODNE SURADNJE U MARIBORU"},"content":{"rendered":"<p><a href=\"http:\/\/www.prva.hr\/index.php\/2019\/05\/22\/kreativno-druzenje-na-projektu-medunarodne-suradnje-u-mariboru\/img_20190521_090854-1\/\" rel=\"attachment wp-att-5758\"><img decoding=\"async\" class=\"wp-image-5758 alignleft lazyload\" data-src=\"https:\/\/www.prva.hr\/wp-content\/uploads\/2019\/05\/IMG_20190521_090854-1-300x225.jpg\" alt=\"\" width=\"184\" height=\"138\" data-srcset=\"https:\/\/prva.hr\/wp-content\/uploads\/2019\/05\/IMG_20190521_090854-1-300x225.jpg 300w, https:\/\/prva.hr\/wp-content\/uploads\/2019\/05\/IMG_20190521_090854-1-768x576.jpg 768w, https:\/\/prva.hr\/wp-content\/uploads\/2019\/05\/IMG_20190521_090854-1-1024x768.jpg 1024w, https:\/\/prva.hr\/wp-content\/uploads\/2019\/05\/IMG_20190521_090854-1-400x300.jpg 400w\" data-sizes=\"(max-width: 184px) 100vw, 184px\" src=\"data:image\/svg+xml;base64,PHN2ZyB3aWR0aD0iMSIgaGVpZ2h0PSIxIiB4bWxucz0iaHR0cDovL3d3dy53My5vcmcvMjAwMC9zdmciPjwvc3ZnPg==\" style=\"--smush-placeholder-width: 184px; --smush-placeholder-aspect-ratio: 184\/138;\" \/><\/a><\/p>\n<p>U okviru\u00a0 \u0161kolskog projekta <strong>Me\u0111unarodne razmjene<\/strong>, u utorak <strong>21. svibnja 2019<\/strong>. grupa u\u010denika na\u0161e \u0161kole, \u010dlanova <strong>Kreativne skupine pod vodstvom prof. G. Sekuli\u0107-\u0160tiv\u010devi\u0107<\/strong> uzvratila je posjet <strong>Prvoj gimnaziji iz Maribora<\/strong>.<\/p>\n<p>U ugodnom cjelodnevnom dru\u017eenju, uz upoznavanje slovenske partner \u0161kole i\u00a0 povijesne jezgre grada Maribora\u00a0 te prisustvovanja ispra\u0107aju maturanata, na\u0161i u\u010denici su\u00a0 sa slovenskim vr\u0161njacima sudjelovali na likovnoj radionici.<\/p>\n<p>Uz obilazak\u00a0 \u0161kolske knji\u017enice\u00a0 i upoznavanja poezije poznatih slovenskih pjesnika, na\u0161i\u00a0 u\u010denici su, u dobrom dru\u0161tvu s novim prijateljima iz mariborske \u0161kole, oslikavali\u00a0 zanimljive motive i upoznali\u00a0 \u00a0se s\u00a0 posebnom tehnikom otiskivanja zvanom\u00a0 monotipija.<\/p>\n<p><a href=\"http:\/\/www.prva.hr\/index.php\/2019\/05\/22\/kreativno-druzenje-na-projektu-medunarodne-suradnje-u-mariboru\/img_20190521_104433\/\" rel=\"attachment wp-att-5759\"><img decoding=\"async\" class=\"alignnone wp-image-5759 lazyload\" data-src=\"https:\/\/www.prva.hr\/wp-content\/uploads\/2019\/05\/IMG_20190521_104433-300x225.jpg\" alt=\"\" width=\"269\" height=\"202\" data-srcset=\"https:\/\/prva.hr\/wp-content\/uploads\/2019\/05\/IMG_20190521_104433-300x225.jpg 300w, https:\/\/prva.hr\/wp-content\/uploads\/2019\/05\/IMG_20190521_104433-768x576.jpg 768w, https:\/\/prva.hr\/wp-content\/uploads\/2019\/05\/IMG_20190521_104433-1024x768.jpg 1024w, https:\/\/prva.hr\/wp-content\/uploads\/2019\/05\/IMG_20190521_104433-400x300.jpg 400w\" data-sizes=\"(max-width: 269px) 100vw, 269px\" src=\"data:image\/svg+xml;base64,PHN2ZyB3aWR0aD0iMSIgaGVpZ2h0PSIxIiB4bWxucz0iaHR0cDovL3d3dy53My5vcmcvMjAwMC9zdmciPjwvc3ZnPg==\" style=\"--smush-placeholder-width: 269px; --smush-placeholder-aspect-ratio: 269\/202;\" \/><\/a>\u00a0 \u00a0 \u00a0 \u00a0 \u00a0\u00a0<a href=\"http:\/\/www.prva.hr\/index.php\/2019\/05\/22\/kreativno-druzenje-na-projektu-medunarodne-suradnje-u-mariboru\/img_20190521_131305\/\" rel=\"attachment wp-att-5760\"><img decoding=\"async\" class=\"alignnone size-medium wp-image-5760 lazyload\" data-src=\"https:\/\/www.prva.hr\/wp-content\/uploads\/2019\/05\/IMG_20190521_131305-225x300.jpg\" alt=\"\" width=\"225\" height=\"300\" data-srcset=\"https:\/\/prva.hr\/wp-content\/uploads\/2019\/05\/IMG_20190521_131305-225x300.jpg 225w, https:\/\/prva.hr\/wp-content\/uploads\/2019\/05\/IMG_20190521_131305-768x1024.jpg 768w\" data-sizes=\"(max-width: 225px) 100vw, 225px\" src=\"data:image\/svg+xml;base64,PHN2ZyB3aWR0aD0iMSIgaGVpZ2h0PSIxIiB4bWxucz0iaHR0cDovL3d3dy53My5vcmcvMjAwMC9zdmciPjwvc3ZnPg==\" style=\"--smush-placeholder-width: 225px; --smush-placeholder-aspect-ratio: 225\/300;\" \/><\/a>\u00a0 \u00a0\u00a0<a href=\"http:\/\/www.prva.hr\/index.php\/2019\/05\/22\/kreativno-druzenje-na-projektu-medunarodne-suradnje-u-mariboru\/img_20190521_131449\/\" rel=\"attachment wp-att-5761\"><img decoding=\"async\" class=\"alignnone size-medium wp-image-5761 lazyload\" data-src=\"https:\/\/www.prva.hr\/wp-content\/uploads\/2019\/05\/IMG_20190521_131449-225x300.jpg\" alt=\"\" width=\"225\" height=\"300\" data-srcset=\"https:\/\/prva.hr\/wp-content\/uploads\/2019\/05\/IMG_20190521_131449-225x300.jpg 225w, https:\/\/prva.hr\/wp-content\/uploads\/2019\/05\/IMG_20190521_131449-768x1024.jpg 768w\" data-sizes=\"(max-width: 225px) 100vw, 225px\" src=\"data:image\/svg+xml;base64,PHN2ZyB3aWR0aD0iMSIgaGVpZ2h0PSIxIiB4bWxucz0iaHR0cDovL3d3dy53My5vcmcvMjAwMC9zdmciPjwvc3ZnPg==\" style=\"--smush-placeholder-width: 225px; --smush-placeholder-aspect-ratio: 225\/300;\" \/><\/a><\/p>\n<p>Nakon izlo\u017ebe njihovih zajedni\u010dkih\u00a0 likovnih radova u Prvoj gimnaziji Maribor, izlo\u017eba sti\u017ee u na\u0161u \u0161kolu. Premijerno, jednim od crte\u017ea na\u0161e u\u010denice\u00a0 2.d razreda A.Krivokapi\u0107 , najavljujemo\u00a0 izlo\u017ebu crte\u017ea i nastavak\u00a0 uspje\u0161ne me\u0111unarodne suradnje.<\/p>\n","protected":false},"excerpt":{"rendered":"<p>U okviru\u00a0 \u0161kolskog projekta Me\u0111unarodne razmjene, u utorak 21. svibnja 2019. grupa u\u010denika na\u0161e \u0161kole, \u010dlanova Kreativne skupine pod vodstvom prof. G. Sekuli\u0107-\u0160tiv\u010devi\u0107 uzvratila je posjet Prvoj gimnaziji iz Maribora. U ugodnom cjelodnevnom dru\u017eenju, uz upoznavanje slovenske partner \u0161kole i\u00a0 povijesne jezgre grada Maribora\u00a0 te prisustvovanja ispra\u0107aju maturanata, na\u0161i u\u010denici su\u00a0 sa slovenskim vr\u0161njacima sudjelovali [&hellip;]<\/p>\n","protected":false},"author":6,"featured_media":5762,"comment_status":"closed","ping_status":"closed","sticky":false,"template":"","format":"standard","meta":{"_et_pb_use_builder":"","_et_pb_old_content":"","_et_gb_content_width":"","footnotes":""},"categories":[67,4],"tags":[],"class_list":["post-5757","post","type-post","status-publish","format-standard","has-post-thumbnail","hentry","category-aktivnosti-projekti-medunarodne-suradnje","category-najnovije-vijesti"],"_links":{"self":[{"href":"https:\/\/prva.hr\/index.php\/wp-json\/wp\/v2\/posts\/5757","targetHints":{"allow":["GET"]}}],"collection":[{"href":"https:\/\/prva.hr\/index.php\/wp-json\/wp\/v2\/posts"}],"about":[{"href":"https:\/\/prva.hr\/index.php\/wp-json\/wp\/v2\/types\/post"}],"author":[{"embeddable":true,"href":"https:\/\/prva.hr\/index.php\/wp-json\/wp\/v2\/users\/6"}],"replies":[{"embeddable":true,"href":"https:\/\/prva.hr\/index.php\/wp-json\/wp\/v2\/comments?post=5757"}],"version-history":[{"count":3,"href":"https:\/\/prva.hr\/index.php\/wp-json\/wp\/v2\/posts\/5757\/revisions"}],"predecessor-version":[{"id":5774,"href":"https:\/\/prva.hr\/index.php\/wp-json\/wp\/v2\/posts\/5757\/revisions\/5774"}],"wp:featuredmedia":[{"embeddable":true,"href":"https:\/\/prva.hr\/index.php\/wp-json\/wp\/v2\/media\/5762"}],"wp:attachment":[{"href":"https:\/\/prva.hr\/index.php\/wp-json\/wp\/v2\/media?parent=5757"}],"wp:term":[{"taxonomy":"category","embeddable":true,"href":"https:\/\/prva.hr\/index.php\/wp-json\/wp\/v2\/categories?post=5757"},{"taxonomy":"post_tag","embeddable":true,"href":"https:\/\/prva.hr\/index.php\/wp-json\/wp\/v2\/tags?post=5757"}],"curies":[{"name":"wp","href":"https:\/\/api.w.org\/{rel}","templated":true}]}}