{"id":5786,"date":"2019-05-24T12:33:47","date_gmt":"2019-05-24T10:33:47","guid":{"rendered":"http:\/\/www.prva.hr\/?p=5786"},"modified":"2019-05-24T14:58:15","modified_gmt":"2019-05-24T12:58:15","slug":"volonteri-prve-u-promociji-skolskog-volonterstva","status":"publish","type":"post","link":"https:\/\/prva.hr\/index.php\/2019\/05\/24\/volonteri-prve-u-promociji-skolskog-volonterstva\/","title":{"rendered":"VOLONTERI PRVE U PROMOCIJI  \u0160KOLSKOG VOLONTIRANJA"},"content":{"rendered":"<p>&nbsp;<\/p>\n<p style=\"text-align: center;\"><a href=\"http:\/\/www.prva.hr\/index.php\/2019\/05\/24\/volonteri-prve-u-promociji-skolskog-volonterstva\/img_20190523_122850\/\" rel=\"attachment wp-att-5787\"><img decoding=\"async\" class=\"alignnone size-medium wp-image-5787 lazyload\" data-src=\"https:\/\/www.prva.hr\/wp-content\/uploads\/2019\/05\/IMG_20190523_122850-225x300.jpg\" alt=\"\" width=\"225\" height=\"300\" data-srcset=\"https:\/\/prva.hr\/wp-content\/uploads\/2019\/05\/IMG_20190523_122850-225x300.jpg 225w, https:\/\/prva.hr\/wp-content\/uploads\/2019\/05\/IMG_20190523_122850-768x1024.jpg 768w\" data-sizes=\"(max-width: 225px) 100vw, 225px\" src=\"data:image\/svg+xml;base64,PHN2ZyB3aWR0aD0iMSIgaGVpZ2h0PSIxIiB4bWxucz0iaHR0cDovL3d3dy53My5vcmcvMjAwMC9zdmciPjwvc3ZnPg==\" style=\"--smush-placeholder-width: 225px; --smush-placeholder-aspect-ratio: 225\/300;\" \/><\/a><\/p>\n<p>U suradnji s biv\u0161om u\u010denicom I. gimnazije i voditeljicom Volonterskog kluba I.\u00a0gimnazije, a sada djelatnicom Volonterskog centra Zagreb (VCZ)\u00a0<strong>Marijom Ga\u0161parovi\u0107<\/strong>,\u00a0 na\u0161a\u00a0 sada\u0161nja \u010dlanica Volonterskog kluba <strong>Kaja Ma\u0161i\u0107<\/strong>, sudjelovala je\u00a0 u utorak <strong>30. travnja 2019. na prezentaciji o volontiranju u 18. gimnazij<\/strong>i u Zagrebu. Tom prilikom\u00a0 na\u0161a volonterka je podijelila svoje iskustvo s brojnih volonterskih akcija\u00a0 u I. gimnaziji s vr\u0161njacima koji tek ulaze u svijet volontiranja.<\/p>\n","protected":false},"excerpt":{"rendered":"<p>&nbsp; U suradnji s biv\u0161om u\u010denicom I. gimnazije i voditeljicom Volonterskog kluba I.\u00a0gimnazije, a sada djelatnicom Volonterskog centra Zagreb (VCZ)\u00a0Marijom Ga\u0161parovi\u0107,\u00a0 na\u0161a\u00a0 sada\u0161nja \u010dlanica Volonterskog kluba Kaja Ma\u0161i\u0107, sudjelovala je\u00a0 u utorak 30. travnja 2019. na prezentaciji o volontiranju u 18. gimnaziji u Zagrebu. Tom prilikom\u00a0 na\u0161a volonterka je podijelila svoje iskustvo s brojnih volonterskih [&hellip;]<\/p>\n","protected":false},"author":6,"featured_media":0,"comment_status":"closed","ping_status":"closed","sticky":false,"template":"","format":"standard","meta":{"_et_pb_use_builder":"","_et_pb_old_content":"","_et_gb_content_width":"","footnotes":""},"categories":[45],"tags":[],"class_list":["post-5786","post","type-post","status-publish","format-standard","hentry","category-aktivnosti-izvannastavne-aktivnosti-volonterski-klub"],"_links":{"self":[{"href":"https:\/\/prva.hr\/index.php\/wp-json\/wp\/v2\/posts\/5786","targetHints":{"allow":["GET"]}}],"collection":[{"href":"https:\/\/prva.hr\/index.php\/wp-json\/wp\/v2\/posts"}],"about":[{"href":"https:\/\/prva.hr\/index.php\/wp-json\/wp\/v2\/types\/post"}],"author":[{"embeddable":true,"href":"https:\/\/prva.hr\/index.php\/wp-json\/wp\/v2\/users\/6"}],"replies":[{"embeddable":true,"href":"https:\/\/prva.hr\/index.php\/wp-json\/wp\/v2\/comments?post=5786"}],"version-history":[{"count":3,"href":"https:\/\/prva.hr\/index.php\/wp-json\/wp\/v2\/posts\/5786\/revisions"}],"predecessor-version":[{"id":5805,"href":"https:\/\/prva.hr\/index.php\/wp-json\/wp\/v2\/posts\/5786\/revisions\/5805"}],"wp:attachment":[{"href":"https:\/\/prva.hr\/index.php\/wp-json\/wp\/v2\/media?parent=5786"}],"wp:term":[{"taxonomy":"category","embeddable":true,"href":"https:\/\/prva.hr\/index.php\/wp-json\/wp\/v2\/categories?post=5786"},{"taxonomy":"post_tag","embeddable":true,"href":"https:\/\/prva.hr\/index.php\/wp-json\/wp\/v2\/tags?post=5786"}],"curies":[{"name":"wp","href":"https:\/\/api.w.org\/{rel}","templated":true}]}}