{"id":5790,"date":"2019-05-24T14:18:41","date_gmt":"2019-05-24T12:18:41","guid":{"rendered":"http:\/\/www.prva.hr\/?p=5790"},"modified":"2019-05-24T14:33:34","modified_gmt":"2019-05-24T12:33:34","slug":"volonteri-prve-na-dojdi-osmasu","status":"publish","type":"post","link":"https:\/\/prva.hr\/index.php\/2019\/05\/24\/volonteri-prve-na-dojdi-osmasu\/","title":{"rendered":"VOLONTERI PRVE NA &#8220;DOJDI OSMA\u0160U&#8221;"},"content":{"rendered":"<p>\u010clanice Volonterskog kluba I. gimnazije Antea Renduli\u0107 i Ana Tufek\u010di\u0107 iz 3.b razreda aktivno su sudjelovale na <strong>manifestaciji &#8220;Dojdi osma\u0161&#8221; <\/strong>koji se u <strong>petak 10. svibnja 2019.\u00a0<\/strong>\u00a0odr\u017eao na Zrinjevcu.\u00a0 Na\u0161e volonterke su rado podijelile informacije\u00a0 o\u00a0 nastavnom programu I. gimnazije te\u00a0 svoja iskustva i dojmove o profesorima, \u0161kolskoj atmosferi i brojnim izvannastavnim aktivnostima, me\u0111u kojima su i aktivnosti vrijednog Volonterskog kluba I. gimanzije.<\/p>\n<p style=\"text-align: center;\"><a href=\"http:\/\/www.prva.hr\/index.php\/2019\/05\/24\/volonteri-prve-na-dojdi-osmasu\/img_20190510_144522\/\" rel=\"attachment wp-att-5791\"><img decoding=\"async\" class=\"alignnone size-medium wp-image-5791 lazyload\" data-src=\"https:\/\/www.prva.hr\/wp-content\/uploads\/2019\/05\/IMG_20190510_144522-225x300.jpg\" alt=\"\" width=\"225\" height=\"300\" data-srcset=\"https:\/\/prva.hr\/wp-content\/uploads\/2019\/05\/IMG_20190510_144522-225x300.jpg 225w, https:\/\/prva.hr\/wp-content\/uploads\/2019\/05\/IMG_20190510_144522-768x1024.jpg 768w\" data-sizes=\"(max-width: 225px) 100vw, 225px\" src=\"data:image\/svg+xml;base64,PHN2ZyB3aWR0aD0iMSIgaGVpZ2h0PSIxIiB4bWxucz0iaHR0cDovL3d3dy53My5vcmcvMjAwMC9zdmciPjwvc3ZnPg==\" style=\"--smush-placeholder-width: 225px; --smush-placeholder-aspect-ratio: 225\/300;\" \/>\u00a0\u010clanice Volonterskog kluba I. gimnazije na &#8220;Dojdi osma\u0161u&#8221;<\/a><\/p>\n","protected":false},"excerpt":{"rendered":"<p>\u010clanice Volonterskog kluba I. gimnazije Antea Renduli\u0107 i Ana Tufek\u010di\u0107 iz 3.b razreda aktivno su sudjelovale na manifestaciji &#8220;Dojdi osma\u0161&#8221; koji se u petak 10. svibnja 2019.\u00a0\u00a0odr\u017eao na Zrinjevcu.\u00a0 Na\u0161e volonterke su rado podijelile informacije\u00a0 o\u00a0 nastavnom programu I. gimnazije te\u00a0 svoja iskustva i dojmove o profesorima, \u0161kolskoj atmosferi i brojnim izvannastavnim aktivnostima, me\u0111u kojima [&hellip;]<\/p>\n","protected":false},"author":6,"featured_media":0,"comment_status":"closed","ping_status":"closed","sticky":false,"template":"","format":"standard","meta":{"_et_pb_use_builder":"","_et_pb_old_content":"","_et_gb_content_width":"","footnotes":""},"categories":[45],"tags":[],"class_list":["post-5790","post","type-post","status-publish","format-standard","hentry","category-aktivnosti-izvannastavne-aktivnosti-volonterski-klub"],"_links":{"self":[{"href":"https:\/\/prva.hr\/index.php\/wp-json\/wp\/v2\/posts\/5790","targetHints":{"allow":["GET"]}}],"collection":[{"href":"https:\/\/prva.hr\/index.php\/wp-json\/wp\/v2\/posts"}],"about":[{"href":"https:\/\/prva.hr\/index.php\/wp-json\/wp\/v2\/types\/post"}],"author":[{"embeddable":true,"href":"https:\/\/prva.hr\/index.php\/wp-json\/wp\/v2\/users\/6"}],"replies":[{"embeddable":true,"href":"https:\/\/prva.hr\/index.php\/wp-json\/wp\/v2\/comments?post=5790"}],"version-history":[{"count":4,"href":"https:\/\/prva.hr\/index.php\/wp-json\/wp\/v2\/posts\/5790\/revisions"}],"predecessor-version":[{"id":5800,"href":"https:\/\/prva.hr\/index.php\/wp-json\/wp\/v2\/posts\/5790\/revisions\/5800"}],"wp:attachment":[{"href":"https:\/\/prva.hr\/index.php\/wp-json\/wp\/v2\/media?parent=5790"}],"wp:term":[{"taxonomy":"category","embeddable":true,"href":"https:\/\/prva.hr\/index.php\/wp-json\/wp\/v2\/categories?post=5790"},{"taxonomy":"post_tag","embeddable":true,"href":"https:\/\/prva.hr\/index.php\/wp-json\/wp\/v2\/tags?post=5790"}],"curies":[{"name":"wp","href":"https:\/\/api.w.org\/{rel}","templated":true}]}}