{"id":5806,"date":"2019-05-24T15:09:22","date_gmt":"2019-05-24T13:09:22","guid":{"rendered":"http:\/\/www.prva.hr\/?p=5806"},"modified":"2019-05-24T15:10:30","modified_gmt":"2019-05-24T13:10:30","slug":"i-gimnazija-sudjelovala-na-konferenciji-o-skolskom-volontiranju","status":"publish","type":"post","link":"https:\/\/prva.hr\/index.php\/2019\/05\/24\/i-gimnazija-sudjelovala-na-konferenciji-o-skolskom-volontiranju\/","title":{"rendered":"I. GIMNAZIJA SUDJELOVALA NA KONFERENCIJI O \u0160KOLSKOM VOLONTIRANJU"},"content":{"rendered":"<p>U \u010detvrtak <strong>16. svibnja 2019.<\/strong> \u010dlanice Volonterskog kluba I. gimnazije Antea Renduli\u0107 (3.b) i Magdalena Mandi\u0107 (1.b), sudjelovale su uz \u0161kolsku psihologinju Vlastu Luka\u010devi\u0107, prof. na <strong>Konferenciji Foruma za slobodu odgoja<\/strong> pod nazivom<strong> &#8220;\u0160kolsko volontiranje- vrijednost za sada\u0161njost i budu\u0107nost&#8221;.<\/strong><\/p>\n<p>Bila je to dobra prilika za razmjenu iskustva s volonterima drugih \u0161kola, kao i razmjena ideje za nove volonterske inicijative I. gimnazije.<\/p>\n<p><a href=\"http:\/\/www.prva.hr\/index.php\/2019\/05\/24\/i-gimnazija-sudjelovala-na-konferenciji-o-skolskom-volontiranju\/img_20190516_104827\/\" rel=\"attachment wp-att-5807\"><img decoding=\"async\" class=\"alignnone size-medium wp-image-5807 lazyload\" data-src=\"https:\/\/www.prva.hr\/wp-content\/uploads\/2019\/05\/IMG_20190516_104827-225x300.jpg\" alt=\"\" width=\"225\" height=\"300\" data-srcset=\"https:\/\/prva.hr\/wp-content\/uploads\/2019\/05\/IMG_20190516_104827-225x300.jpg 225w, https:\/\/prva.hr\/wp-content\/uploads\/2019\/05\/IMG_20190516_104827-768x1024.jpg 768w\" data-sizes=\"(max-width: 225px) 100vw, 225px\" src=\"data:image\/svg+xml;base64,PHN2ZyB3aWR0aD0iMSIgaGVpZ2h0PSIxIiB4bWxucz0iaHR0cDovL3d3dy53My5vcmcvMjAwMC9zdmciPjwvc3ZnPg==\" style=\"--smush-placeholder-width: 225px; --smush-placeholder-aspect-ratio: 225\/300;\" \/>\u00a0\u00a0\u00a0\u00a0\u00a0\u00a0\u00a0<\/a><a href=\"http:\/\/www.prva.hr\/index.php\/2019\/05\/24\/i-gimnazija-sudjelovala-na-konferenciji-o-skolskom-volontiranju\/img_20190516_104726\/\" rel=\"attachment wp-att-5808\"><img decoding=\"async\" class=\"alignnone size-medium wp-image-5808 lazyload\" data-src=\"https:\/\/www.prva.hr\/wp-content\/uploads\/2019\/05\/IMG_20190516_104726-225x300.jpg\" alt=\"\" width=\"225\" height=\"300\" data-srcset=\"https:\/\/prva.hr\/wp-content\/uploads\/2019\/05\/IMG_20190516_104726-225x300.jpg 225w, https:\/\/prva.hr\/wp-content\/uploads\/2019\/05\/IMG_20190516_104726-768x1024.jpg 768w\" data-sizes=\"(max-width: 225px) 100vw, 225px\" src=\"data:image\/svg+xml;base64,PHN2ZyB3aWR0aD0iMSIgaGVpZ2h0PSIxIiB4bWxucz0iaHR0cDovL3d3dy53My5vcmcvMjAwMC9zdmciPjwvc3ZnPg==\" style=\"--smush-placeholder-width: 225px; --smush-placeholder-aspect-ratio: 225\/300;\" \/><\/a><a href=\"http:\/\/www.prva.hr\/index.php\/2019\/05\/24\/i-gimnazija-sudjelovala-na-konferenciji-o-skolskom-volontiranju\/img_20190516_104827\/\" rel=\"attachment wp-att-5807\">\u00a0\u00a0\u00a0\u00a0\u00a0\u00a0<\/a><a href=\"http:\/\/www.prva.hr\/index.php\/2019\/05\/24\/i-gimnazija-sudjelovala-na-konferenciji-o-skolskom-volontiranju\/img_20190516_140254\/\" rel=\"attachment wp-att-5809\"><img decoding=\"async\" class=\"alignnone size-medium wp-image-5809 lazyload\" data-src=\"https:\/\/www.prva.hr\/wp-content\/uploads\/2019\/05\/IMG_20190516_140254-225x300.jpg\" alt=\"\" width=\"225\" height=\"300\" data-srcset=\"https:\/\/prva.hr\/wp-content\/uploads\/2019\/05\/IMG_20190516_140254-225x300.jpg 225w, https:\/\/prva.hr\/wp-content\/uploads\/2019\/05\/IMG_20190516_140254-768x1024.jpg 768w\" data-sizes=\"(max-width: 225px) 100vw, 225px\" src=\"data:image\/svg+xml;base64,PHN2ZyB3aWR0aD0iMSIgaGVpZ2h0PSIxIiB4bWxucz0iaHR0cDovL3d3dy53My5vcmcvMjAwMC9zdmciPjwvc3ZnPg==\" style=\"--smush-placeholder-width: 225px; --smush-placeholder-aspect-ratio: 225\/300;\" \/><\/a><a href=\"http:\/\/www.prva.hr\/index.php\/2019\/05\/24\/i-gimnazija-sudjelovala-na-konferenciji-o-skolskom-volontiranju\/img_20190516_104827\/\" rel=\"attachment wp-att-5807\">\u00a0 \u00a0Volonterski klub I. gimnazije na Konferenciji\u00a0 FSO o \u0161kolskom volontiranju<\/a><\/p>\n","protected":false},"excerpt":{"rendered":"<p>U \u010detvrtak 16. svibnja 2019. \u010dlanice Volonterskog kluba I. gimnazije Antea Renduli\u0107 (3.b) i Magdalena Mandi\u0107 (1.b), sudjelovale su uz \u0161kolsku psihologinju Vlastu Luka\u010devi\u0107, prof. na Konferenciji Foruma za slobodu odgoja pod nazivom &#8220;\u0160kolsko volontiranje- vrijednost za sada\u0161njost i budu\u0107nost&#8221;. Bila je to dobra prilika za razmjenu iskustva s volonterima drugih \u0161kola, kao i razmjena [&hellip;]<\/p>\n","protected":false},"author":6,"featured_media":0,"comment_status":"closed","ping_status":"closed","sticky":false,"template":"","format":"standard","meta":{"_et_pb_use_builder":"","_et_pb_old_content":"","_et_gb_content_width":"","footnotes":""},"categories":[45,6],"tags":[],"class_list":["post-5806","post","type-post","status-publish","format-standard","hentry","category-aktivnosti-izvannastavne-aktivnosti-volonterski-klub","category-aktualna-dogadanja"],"_links":{"self":[{"href":"https:\/\/prva.hr\/index.php\/wp-json\/wp\/v2\/posts\/5806","targetHints":{"allow":["GET"]}}],"collection":[{"href":"https:\/\/prva.hr\/index.php\/wp-json\/wp\/v2\/posts"}],"about":[{"href":"https:\/\/prva.hr\/index.php\/wp-json\/wp\/v2\/types\/post"}],"author":[{"embeddable":true,"href":"https:\/\/prva.hr\/index.php\/wp-json\/wp\/v2\/users\/6"}],"replies":[{"embeddable":true,"href":"https:\/\/prva.hr\/index.php\/wp-json\/wp\/v2\/comments?post=5806"}],"version-history":[{"count":2,"href":"https:\/\/prva.hr\/index.php\/wp-json\/wp\/v2\/posts\/5806\/revisions"}],"predecessor-version":[{"id":5811,"href":"https:\/\/prva.hr\/index.php\/wp-json\/wp\/v2\/posts\/5806\/revisions\/5811"}],"wp:attachment":[{"href":"https:\/\/prva.hr\/index.php\/wp-json\/wp\/v2\/media?parent=5806"}],"wp:term":[{"taxonomy":"category","embeddable":true,"href":"https:\/\/prva.hr\/index.php\/wp-json\/wp\/v2\/categories?post=5806"},{"taxonomy":"post_tag","embeddable":true,"href":"https:\/\/prva.hr\/index.php\/wp-json\/wp\/v2\/tags?post=5806"}],"curies":[{"name":"wp","href":"https:\/\/api.w.org\/{rel}","templated":true}]}}