{"id":5812,"date":"2019-05-24T16:16:18","date_gmt":"2019-05-24T14:16:18","guid":{"rendered":"http:\/\/www.prva.hr\/?p=5812"},"modified":"2019-05-24T16:35:39","modified_gmt":"2019-05-24T14:35:39","slug":"i-gimnazija-se-pridruzila-manifestaciji-hrvatska-volontira","status":"publish","type":"post","link":"https:\/\/prva.hr\/index.php\/2019\/05\/24\/i-gimnazija-se-pridruzila-manifestaciji-hrvatska-volontira\/","title":{"rendered":"I.GIMNAZIJA PRIDRU\u017dILA SE MANIFESTACIJI &#8220;HRVATSKA VOLONTIRA 2019&#8221;"},"content":{"rendered":"<p>U organizaciji <strong>Hrvatskog centra za razvoj volonterstva<\/strong>, po deveti put za redom, u razdoblju\u00a0 od<strong> 22.- 25. svibnja 2019<\/strong>. u Hrvatskoj se organizira nacionalna kampanja<strong> &#8220;Hrvatska volontira&#8221;. V<\/strong>olonterski klub I. gimnazije pridru\u017eio se kampanji\u00a0 tako da su volonteri Nevena Radoj\u010di\u0107, Petra Strbad i Paula Roca (3.d), Kaja Ma\u0161i\u0107 (3.e) te Magdalena Mandi\u0107 i\u00a0 najnoviji \u010dlan\u00a0 Roko Lazi\u0107 (1.b), uz \u0161kolsku psihologinju Vlastu Luka\u010devi\u0107, prof.\u00a0 u \u010detvrtak <strong>23.svibnja 2019.<\/strong>\u00a0posjetili pred\u0161kolce DV Utrina u susjedstvu \u0161kole, razgovarali o tome \u0161to je volontiranje\u00a0 te\u00a0 sudjelovali na kreativnoj radionici s mali\u0161anima na obostrano zadovoljstvo i radost.<\/p>\n<p>Tom inicijativom Volonterskog kluba, I. gimnazija\u00a0 se pridru\u017eila,kao\u00a0 jedan od 170 organizatora preko 240 volonterskih aktivnosti, zajedno s preko 4200 volontera iz cijele Hrvatske u kampanji &#8220;Hrvatska volontira&#8221;!<\/p>\n<p><a href=\"http:\/\/www.prva.hr\/index.php\/2019\/05\/24\/i-gimnazija-se-pridruzila-manifestaciji-hrvatska-volontira\/img_20190523_144030\/\" rel=\"attachment wp-att-5813\"><img decoding=\"async\" class=\"alignnone size-medium wp-image-5813 lazyload\" data-src=\"https:\/\/www.prva.hr\/wp-content\/uploads\/2019\/05\/IMG_20190523_144030-225x300.jpg\" alt=\"\" width=\"225\" height=\"300\" data-srcset=\"https:\/\/prva.hr\/wp-content\/uploads\/2019\/05\/IMG_20190523_144030-225x300.jpg 225w, https:\/\/prva.hr\/wp-content\/uploads\/2019\/05\/IMG_20190523_144030-768x1024.jpg 768w\" data-sizes=\"(max-width: 225px) 100vw, 225px\" src=\"data:image\/svg+xml;base64,PHN2ZyB3aWR0aD0iMSIgaGVpZ2h0PSIxIiB4bWxucz0iaHR0cDovL3d3dy53My5vcmcvMjAwMC9zdmciPjwvc3ZnPg==\" style=\"--smush-placeholder-width: 225px; --smush-placeholder-aspect-ratio: 225\/300;\" \/>\u00a0\u00a0\u00a0\u00a0\u00a0\u00a0<\/a>\u00a0<a href=\"http:\/\/www.prva.hr\/index.php\/2019\/05\/24\/i-gimnazija-se-pridruzila-manifestaciji-hrvatska-volontira\/img_20190523_150800\/\" rel=\"attachment wp-att-5815\"><img decoding=\"async\" class=\"alignnone size-medium wp-image-5815 lazyload\" data-src=\"https:\/\/www.prva.hr\/wp-content\/uploads\/2019\/05\/IMG_20190523_150800-225x300.jpg\" alt=\"\" width=\"225\" height=\"300\" data-srcset=\"https:\/\/prva.hr\/wp-content\/uploads\/2019\/05\/IMG_20190523_150800-225x300.jpg 225w, https:\/\/prva.hr\/wp-content\/uploads\/2019\/05\/IMG_20190523_150800-768x1024.jpg 768w\" data-sizes=\"(max-width: 225px) 100vw, 225px\" src=\"data:image\/svg+xml;base64,PHN2ZyB3aWR0aD0iMSIgaGVpZ2h0PSIxIiB4bWxucz0iaHR0cDovL3d3dy53My5vcmcvMjAwMC9zdmciPjwvc3ZnPg==\" style=\"--smush-placeholder-width: 225px; --smush-placeholder-aspect-ratio: 225\/300;\" \/><\/a>\u00a0 \u00a0 \u00a0 <a href=\"http:\/\/www.prva.hr\/index.php\/2019\/05\/24\/i-gimnazija-se-pridruzila-manifestaciji-hrvatska-volontira\/img_20190523_145938-1\/\" rel=\"attachment wp-att-5814\"><img decoding=\"async\" class=\"alignnone size-medium wp-image-5814 lazyload\" data-src=\"https:\/\/www.prva.hr\/wp-content\/uploads\/2019\/05\/IMG_20190523_145938-1-300x225.jpg\" alt=\"\" width=\"300\" height=\"225\" data-srcset=\"https:\/\/prva.hr\/wp-content\/uploads\/2019\/05\/IMG_20190523_145938-1-300x225.jpg 300w, https:\/\/prva.hr\/wp-content\/uploads\/2019\/05\/IMG_20190523_145938-1-768x576.jpg 768w, https:\/\/prva.hr\/wp-content\/uploads\/2019\/05\/IMG_20190523_145938-1-1024x768.jpg 1024w, https:\/\/prva.hr\/wp-content\/uploads\/2019\/05\/IMG_20190523_145938-1-400x300.jpg 400w\" data-sizes=\"(max-width: 300px) 100vw, 300px\" src=\"data:image\/svg+xml;base64,PHN2ZyB3aWR0aD0iMSIgaGVpZ2h0PSIxIiB4bWxucz0iaHR0cDovL3d3dy53My5vcmcvMjAwMC9zdmciPjwvc3ZnPg==\" style=\"--smush-placeholder-width: 300px; --smush-placeholder-aspect-ratio: 300\/225;\" \/><\/a><\/p>\n<p>Volonteri I.gimnazije na kreativnoj radionici u DV Utrina u okviru manifestacije &#8220;Hrvatska volontira 2019&#8221;<\/p>\n","protected":false},"excerpt":{"rendered":"<p>U organizaciji Hrvatskog centra za razvoj volonterstva, po deveti put za redom, u razdoblju\u00a0 od 22.- 25. svibnja 2019. u Hrvatskoj se organizira nacionalna kampanja &#8220;Hrvatska volontira&#8221;. Volonterski klub I. gimnazije pridru\u017eio se kampanji\u00a0 tako da su volonteri Nevena Radoj\u010di\u0107, Petra Strbad i Paula Roca (3.d), Kaja Ma\u0161i\u0107 (3.e) te Magdalena Mandi\u0107 i\u00a0 najnoviji \u010dlan\u00a0 [&hellip;]<\/p>\n","protected":false},"author":6,"featured_media":0,"comment_status":"closed","ping_status":"closed","sticky":false,"template":"","format":"standard","meta":{"_et_pb_use_builder":"","_et_pb_old_content":"","_et_gb_content_width":"","footnotes":""},"categories":[45,6,1],"tags":[],"class_list":["post-5812","post","type-post","status-publish","format-standard","hentry","category-aktivnosti-izvannastavne-aktivnosti-volonterski-klub","category-aktualna-dogadanja","category-nekategorizirano"],"_links":{"self":[{"href":"https:\/\/prva.hr\/index.php\/wp-json\/wp\/v2\/posts\/5812","targetHints":{"allow":["GET"]}}],"collection":[{"href":"https:\/\/prva.hr\/index.php\/wp-json\/wp\/v2\/posts"}],"about":[{"href":"https:\/\/prva.hr\/index.php\/wp-json\/wp\/v2\/types\/post"}],"author":[{"embeddable":true,"href":"https:\/\/prva.hr\/index.php\/wp-json\/wp\/v2\/users\/6"}],"replies":[{"embeddable":true,"href":"https:\/\/prva.hr\/index.php\/wp-json\/wp\/v2\/comments?post=5812"}],"version-history":[{"count":4,"href":"https:\/\/prva.hr\/index.php\/wp-json\/wp\/v2\/posts\/5812\/revisions"}],"predecessor-version":[{"id":5818,"href":"https:\/\/prva.hr\/index.php\/wp-json\/wp\/v2\/posts\/5812\/revisions\/5818"}],"wp:attachment":[{"href":"https:\/\/prva.hr\/index.php\/wp-json\/wp\/v2\/media?parent=5812"}],"wp:term":[{"taxonomy":"category","embeddable":true,"href":"https:\/\/prva.hr\/index.php\/wp-json\/wp\/v2\/categories?post=5812"},{"taxonomy":"post_tag","embeddable":true,"href":"https:\/\/prva.hr\/index.php\/wp-json\/wp\/v2\/tags?post=5812"}],"curies":[{"name":"wp","href":"https:\/\/api.w.org\/{rel}","templated":true}]}}